{"id":20660,"date":"2025-07-02T17:30:00","date_gmt":"2025-07-02T23:30:00","guid":{"rendered":"https:\/\/cronicadesoledad.com\/?p=20660"},"modified":"2025-07-02T19:34:53","modified_gmt":"2025-07-03T01:34:53","slug":"anuncian-campamento-de-verano-pollitas-y-pollitos-al-camp-para-ninas-y-ninos-en-slp","status":"publish","type":"post","link":"https:\/\/cronicadesoledad.com\/index.php\/2025\/07\/02\/anuncian-campamento-de-verano-pollitas-y-pollitos-al-camp-para-ninas-y-ninos-en-slp\/","title":{"rendered":"Anuncian campamento de verano \u201cPollitas y Pollitos al Camp\u201d para ni\u00f1as y ni\u00f1os en SLP"},"content":{"rendered":"\n<p>El Instituto Potosino de Cultura F\u00edsica y Deporte (Inpode) llevar\u00e1 a cabo el campamento de verano \u201cPollitas y Pollitos al Camp\u201d, dirigido a ni\u00f1as y ni\u00f1os de entre 5 y 15 a\u00f1os. Las actividades se realizar\u00e1n del 14 de julio al 1 de agosto, de lunes a viernes, en un horario de 8:00 a 13:00 horas.<\/p>\n\n\n\n<p>El campamento se desarrollar\u00e1 en tres sedes: la Unidad Deportiva Adolfo L\u00f3pez Mateos y la Unidad Sat\u00e9lite, en modalidad convencional, y la Unidad Deportiva Jos\u00e9 L\u00f3pez Portillo, destinada a personas con discapacidad.<\/p>\n\n\n\n<p>Entre las actividades programadas se incluyen visitas al estadio Alfonso Lastras, convivencia con jugadores del Club Atl\u00e9tico de San Luis y Santos del Potos\u00ed, exhibiciones deportivas, pr\u00e1cticas de distintas disciplinas, visitas a museos y eventos culturales.<\/p>\n\n\n\n<p>La inscripci\u00f3n tiene un costo de recuperaci\u00f3n de 500 pesos por semana. El registro estar\u00e1 abierto hasta el 11 de julio en las oficinas del Inpode, ubicadas en Himno Nacional No. 4000. Para m\u00e1s informaci\u00f3n, se puede llamar al tel\u00e9fono 44 0260 1570.<\/p>\n\n\n\n<p>Los requisitos para el registro son: cuatro fotograf\u00edas tama\u00f1o infantil del menor, dos fotograf\u00edas tama\u00f1o infantil de la persona responsable, acta de nacimiento, CURP, certificado m\u00e9dico vigente y comprobante de pago.<\/p>\n","protected":false},"excerpt":{"rendered":"<p>El Instituto Potosino de Cultura F\u00edsica y Deporte (Inpode) llevar\u00e1 a cabo el campamento de verano \u201cPollitas y Pollitos al Camp\u201d, dirigido a ni\u00f1as y ni\u00f1os de entre 5 y 15 a\u00f1os. Las actividades se realizar\u00e1n del 14 de julio al 1 de agosto, de lunes a viernes, en un horario de 8:00 a 13:00 [&hellip;]<\/p>\n","protected":false},"author":1,"featured_media":20661,"comment_status":"open","ping_status":"open","sticky":false,"template":"","format":"standard","meta":{"footnotes":""},"categories":[1,24,3163],"tags":[4575,2187,3211,3763,261,4149],"class_list":{"0":"post-20660","1":"post","2":"type-post","3":"status-publish","4":"format-standard","5":"has-post-thumbnail","7":"category-destacadas","8":"category-informacion-general","9":"category-san-luis-potosi","10":"tag-adolfo-lopez-mateos","11":"tag-campamento-de-verano","12":"tag-inpode","13":"tag-satelite","14":"tag-slp","15":"tag-unidad-deportiva"},"_links":{"self":[{"href":"https:\/\/cronicadesoledad.com\/index.php\/wp-json\/wp\/v2\/posts\/20660","targetHints":{"allow":["GET"]}}],"collection":[{"href":"https:\/\/cronicadesoledad.com\/index.php\/wp-json\/wp\/v2\/posts"}],"about":[{"href":"https:\/\/cronicadesoledad.com\/index.php\/wp-json\/wp\/v2\/types\/post"}],"author":[{"embeddable":true,"href":"https:\/\/cronicadesoledad.com\/index.php\/wp-json\/wp\/v2\/users\/1"}],"replies":[{"embeddable":true,"href":"https:\/\/cronicadesoledad.com\/index.php\/wp-json\/wp\/v2\/comments?post=20660"}],"version-history":[{"count":1,"href":"https:\/\/cronicadesoledad.com\/index.php\/wp-json\/wp\/v2\/posts\/20660\/revisions"}],"predecessor-version":[{"id":20662,"href":"https:\/\/cronicadesoledad.com\/index.php\/wp-json\/wp\/v2\/posts\/20660\/revisions\/20662"}],"wp:featuredmedia":[{"embeddable":true,"href":"https:\/\/cronicadesoledad.com\/index.php\/wp-json\/wp\/v2\/media\/20661"}],"wp:attachment":[{"href":"https:\/\/cronicadesoledad.com\/index.php\/wp-json\/wp\/v2\/media?parent=20660"}],"wp:term":[{"taxonomy":"category","embeddable":true,"href":"https:\/\/cronicadesoledad.com\/index.php\/wp-json\/wp\/v2\/categories?post=20660"},{"taxonomy":"post_tag","embeddable":true,"href":"https:\/\/cronicadesoledad.com\/index.php\/wp-json\/wp\/v2\/tags?post=20660"}],"curies":[{"name":"wp","href":"https:\/\/api.w.org\/{rel}","templated":true}]}}