{"id":20689,"date":"2025-07-02T23:37:25","date_gmt":"2025-07-03T05:37:25","guid":{"rendered":"https:\/\/cronicadesoledad.com\/?p=20689"},"modified":"2025-07-02T23:37:25","modified_gmt":"2025-07-03T05:37:25","slug":"pocenos-agradecen-rehabilitacion-de-camino-a-santa-rita","status":"publish","type":"post","link":"https:\/\/cronicadesoledad.com\/index.php\/2025\/07\/02\/pocenos-agradecen-rehabilitacion-de-camino-a-santa-rita\/","title":{"rendered":"Poce\u00f1os agradecen rehabilitaci\u00f3n de camino a Santa Rita"},"content":{"rendered":"\n<p>Despu\u00e9s de m\u00e1s de tres d\u00e9cadas marcadas por el abandono y la indiferencia de anteriores administraciones, el Gobierno de Villa de Pozos, en coordinaci\u00f3n con el Gobierno del Estado, inici\u00f3 con la rehabilitaci\u00f3n integral del Camino a Santa Rita, obra hist\u00f3ricamente olvidada.<\/p>\n\n\n\n<p>Esta obra represent\u00f3 un acto de justicia social para miles de habitantes que, durante a\u00f1os, padecieron las condiciones lamentables del camino sin recibir atenci\u00f3n alguna y hoy, gracias a la visi\u00f3n del gobernador Ricardo Gallardo Cardona y el compromiso de la Presidenta Concejal, Teresa Rivera Acevedo, la transformaci\u00f3n de esta importante avenida ya es una realidad.<\/p>\n\n\n\n<p>Durante el arranque de la obra, vecinos y habitantes se reunieron para presenciar el inicio de los trabajos y expresar su agradecimiento por esta acci\u00f3n concreta que por a\u00f1os esperaron, como la se\u00f1ora Perla Mar\u00eda Calder\u00f3n, habitante de la zona, quien reconoci\u00f3 y agradeci\u00f3 la obra para el bienestar de quienes a diario transitan por la zona y comerciantes que desde hace tiempo anhelaban la obra.<\/p>\n\n\n\n<p>\u201cVarias administraciones pasaron y nunca voltearon a ver esta \u00e1rea, ya era justo que se hiciera la avenida, ning\u00fan Gobernador nos hab\u00eda mirado, siempre nos dejaban en el olvido\u201d, se\u00f1alaron.<\/p>\n\n\n\n<p>Por su parte, cientos de transportistas que transitan diariamente por la zona se mostraron agradecidos, ya que ahora podr\u00e1n circular de manera segura y adem\u00e1s, expresaron su reconocimiento al apoyo brindado por los gobiernos estatal y municipal para ofrecer un servicio m\u00e1s eficiente.<\/p>\n","protected":false},"excerpt":{"rendered":"<p>Despu\u00e9s de m\u00e1s de tres d\u00e9cadas marcadas por el abandono y la indiferencia de anteriores administraciones, el Gobierno de Villa de Pozos, en coordinaci\u00f3n con el Gobierno del Estado, inici\u00f3 con la rehabilitaci\u00f3n integral del Camino a Santa Rita, obra hist\u00f3ricamente olvidada. Esta obra represent\u00f3 un acto de justicia social para miles de habitantes que, [&hellip;]<\/p>\n","protected":false},"author":1,"featured_media":20690,"comment_status":"open","ping_status":"open","sticky":false,"template":"","format":"standard","meta":{"footnotes":""},"categories":[24,3175],"tags":[294,3963,261,1068],"class_list":{"0":"post-20689","1":"post","2":"type-post","3":"status-publish","4":"format-standard","5":"has-post-thumbnail","7":"category-informacion-general","8":"category-pozos","9":"tag-san-luis","10":"tag-santa-rita","11":"tag-slp","12":"tag-villa-de-pozos"},"_links":{"self":[{"href":"https:\/\/cronicadesoledad.com\/index.php\/wp-json\/wp\/v2\/posts\/20689","targetHints":{"allow":["GET"]}}],"collection":[{"href":"https:\/\/cronicadesoledad.com\/index.php\/wp-json\/wp\/v2\/posts"}],"about":[{"href":"https:\/\/cronicadesoledad.com\/index.php\/wp-json\/wp\/v2\/types\/post"}],"author":[{"embeddable":true,"href":"https:\/\/cronicadesoledad.com\/index.php\/wp-json\/wp\/v2\/users\/1"}],"replies":[{"embeddable":true,"href":"https:\/\/cronicadesoledad.com\/index.php\/wp-json\/wp\/v2\/comments?post=20689"}],"version-history":[{"count":1,"href":"https:\/\/cronicadesoledad.com\/index.php\/wp-json\/wp\/v2\/posts\/20689\/revisions"}],"predecessor-version":[{"id":20691,"href":"https:\/\/cronicadesoledad.com\/index.php\/wp-json\/wp\/v2\/posts\/20689\/revisions\/20691"}],"wp:featuredmedia":[{"embeddable":true,"href":"https:\/\/cronicadesoledad.com\/index.php\/wp-json\/wp\/v2\/media\/20690"}],"wp:attachment":[{"href":"https:\/\/cronicadesoledad.com\/index.php\/wp-json\/wp\/v2\/media?parent=20689"}],"wp:term":[{"taxonomy":"category","embeddable":true,"href":"https:\/\/cronicadesoledad.com\/index.php\/wp-json\/wp\/v2\/categories?post=20689"},{"taxonomy":"post_tag","embeddable":true,"href":"https:\/\/cronicadesoledad.com\/index.php\/wp-json\/wp\/v2\/tags?post=20689"}],"curies":[{"name":"wp","href":"https:\/\/api.w.org\/{rel}","templated":true}]}}