{"id":20695,"date":"2025-07-03T00:00:57","date_gmt":"2025-07-03T06:00:57","guid":{"rendered":"https:\/\/cronicadesoledad.com\/?p=20695"},"modified":"2025-07-03T00:00:58","modified_gmt":"2025-07-03T06:00:58","slug":"villa-de-pozos-revitaliza-a-la-colonia-los-silos","status":"publish","type":"post","link":"https:\/\/cronicadesoledad.com\/index.php\/2025\/07\/03\/villa-de-pozos-revitaliza-a-la-colonia-los-silos\/","title":{"rendered":"Villa de Pozos revitaliza a la colonia Los Silos"},"content":{"rendered":"\n<p>En el marco del Mes Internacional del Medio Ambiente, el Gobierno Municipal de Villa de Pozos, encabezado por la Presidenta Concejal Teresa Rivera Acevedo, llev\u00f3 a cabo una jornada de reforestaci\u00f3n en el \u00e1rea verde ubicada en Paseo del Valle Umbroso, en la colonia Los Silos.<\/p>\n\n\n\n<p>La actividad cont\u00f3 con la participaci\u00f3n de estudiantes de la Escuela Secundaria General Aurelio Manrique, quienes trabajaron en conjunto con autoridades municipales, el Ej\u00e9rcito Mexicano y la Guardia Civil Estatal para plantar m\u00e1s de 40 \u00e1rboles y pl\u00e1ntulas y as\u00ed, fortalecer la proximidad social, promover la cultura del cuidado ambiental y contribuir a la mitigaci\u00f3n del cambio clim\u00e1tico.<\/p>\n\n\n\n<p>La Presidenta Concejal, Teresa Rivera Acevedo, se\u00f1al\u00f3 la relevancia de involucrar a la juventud en acciones ambientales y recalc\u00f3 la necesidad de rescatar espacios verdes que permanecieron en el abandono, con el objetivo de mejorar la calidad de vida de la poblaci\u00f3n.<\/p>\n\n\n\n<p>El director de Gesti\u00f3n Ambiental, Alejandro Leal Espinosa, resalt\u00f3 el firme compromiso ambiental de la Presidenta Concejal, as\u00ed como la valiosa participaci\u00f3n de las y los j\u00f3venes en la preservaci\u00f3n y reforestaci\u00f3n de los espacios naturales del municipio.<\/p>\n","protected":false},"excerpt":{"rendered":"<p>En el marco del Mes Internacional del Medio Ambiente, el Gobierno Municipal de Villa de Pozos, encabezado por la Presidenta Concejal Teresa Rivera Acevedo, llev\u00f3 a cabo una jornada de reforestaci\u00f3n en el \u00e1rea verde ubicada en Paseo del Valle Umbroso, en la colonia Los Silos. La actividad cont\u00f3 con la participaci\u00f3n de estudiantes de [&hellip;]<\/p>\n","protected":false},"author":1,"featured_media":20696,"comment_status":"open","ping_status":"open","sticky":false,"template":"","format":"standard","meta":{"footnotes":""},"categories":[24,3175],"tags":[2137,4378,294,261,1068],"class_list":{"0":"post-20695","1":"post","2":"type-post","3":"status-publish","4":"format-standard","5":"has-post-thumbnail","7":"category-informacion-general","8":"category-pozos","9":"tag-ecologia-2","10":"tag-los-silos","11":"tag-san-luis","12":"tag-slp","13":"tag-villa-de-pozos"},"_links":{"self":[{"href":"https:\/\/cronicadesoledad.com\/index.php\/wp-json\/wp\/v2\/posts\/20695","targetHints":{"allow":["GET"]}}],"collection":[{"href":"https:\/\/cronicadesoledad.com\/index.php\/wp-json\/wp\/v2\/posts"}],"about":[{"href":"https:\/\/cronicadesoledad.com\/index.php\/wp-json\/wp\/v2\/types\/post"}],"author":[{"embeddable":true,"href":"https:\/\/cronicadesoledad.com\/index.php\/wp-json\/wp\/v2\/users\/1"}],"replies":[{"embeddable":true,"href":"https:\/\/cronicadesoledad.com\/index.php\/wp-json\/wp\/v2\/comments?post=20695"}],"version-history":[{"count":1,"href":"https:\/\/cronicadesoledad.com\/index.php\/wp-json\/wp\/v2\/posts\/20695\/revisions"}],"predecessor-version":[{"id":20697,"href":"https:\/\/cronicadesoledad.com\/index.php\/wp-json\/wp\/v2\/posts\/20695\/revisions\/20697"}],"wp:featuredmedia":[{"embeddable":true,"href":"https:\/\/cronicadesoledad.com\/index.php\/wp-json\/wp\/v2\/media\/20696"}],"wp:attachment":[{"href":"https:\/\/cronicadesoledad.com\/index.php\/wp-json\/wp\/v2\/media?parent=20695"}],"wp:term":[{"taxonomy":"category","embeddable":true,"href":"https:\/\/cronicadesoledad.com\/index.php\/wp-json\/wp\/v2\/categories?post=20695"},{"taxonomy":"post_tag","embeddable":true,"href":"https:\/\/cronicadesoledad.com\/index.php\/wp-json\/wp\/v2\/tags?post=20695"}],"curies":[{"name":"wp","href":"https:\/\/api.w.org\/{rel}","templated":true}]}}