{"id":20701,"date":"2025-07-03T08:56:52","date_gmt":"2025-07-03T14:56:52","guid":{"rendered":"https:\/\/cronicadesoledad.com\/?p=20701"},"modified":"2025-07-03T08:56:52","modified_gmt":"2025-07-03T14:56:52","slug":"muere-diogo-jota-futbolista-del-liverpool-y-de-la-seleccion-de-portugal","status":"publish","type":"post","link":"https:\/\/cronicadesoledad.com\/index.php\/2025\/07\/03\/muere-diogo-jota-futbolista-del-liverpool-y-de-la-seleccion-de-portugal\/","title":{"rendered":"Muere Diogo Jota, futbolista del Liverpool y de la Selecci\u00f3n de Portugal"},"content":{"rendered":"\n<p>El futbolista portugu\u00e9s Diogo Jota falleci\u00f3 a los 28 a\u00f1os de edad junto a su hermano Andr\u00e9 Jota en un accidente de tr\u00e1fico en Zamora, Espa\u00f1a.<\/p>\n\n\n\n<p>El futbolista del club ingl\u00e9s viajaba en un veh\u00edculo que sali\u00f3 de la v\u00eda en el kil\u00f3metro 65 de la autov\u00eda A-52, a la altura del t\u00e9rmino municipal zamorano de Cernadilla al rededor de las 12:30 de la noche. El autom\u00f3vil se incendi\u00f3 luego de que un neum\u00e1tico trasero en el impacto y las dos personas dentro fallecieron por las llamas, que se alargaron a los lugares cercanos a la carretera y para ello se requiri\u00f3 la ayuda de los Bomberos. <\/p>\n\n\n\n<p>La Guardia Civil se\u00f1ala que el origen de este accidente pudo ser causado por un exceso de velocidad de un autom\u00f3vil de alta gama.<\/p>\n\n\n\n<p><\/p>\n","protected":false},"excerpt":{"rendered":"<p>El futbolista portugu\u00e9s Diogo Jota falleci\u00f3 a los 28 a\u00f1os de edad junto a su hermano Andr\u00e9 Jota en un accidente de tr\u00e1fico en Zamora, Espa\u00f1a. El futbolista del club ingl\u00e9s viajaba en un veh\u00edculo que sali\u00f3 de la v\u00eda en el kil\u00f3metro 65 de la autov\u00eda A-52, a la altura del t\u00e9rmino municipal zamorano [&hellip;]<\/p>\n","protected":false},"author":1,"featured_media":20702,"comment_status":"open","ping_status":"open","sticky":false,"template":"","format":"standard","meta":{"footnotes":""},"categories":[20,1,24,3301],"tags":[792,4584,4585,4586,4415],"class_list":{"0":"post-20701","1":"post","2":"type-post","3":"status-publish","4":"format-standard","5":"has-post-thumbnail","7":"category-cronica-deportiva","8":"category-destacadas","9":"category-informacion-general","10":"category-internacionales","11":"tag-accidente-automovilistico","12":"tag-diogo-jota","13":"tag-futbolista","14":"tag-liverpool","15":"tag-portugal"},"_links":{"self":[{"href":"https:\/\/cronicadesoledad.com\/index.php\/wp-json\/wp\/v2\/posts\/20701","targetHints":{"allow":["GET"]}}],"collection":[{"href":"https:\/\/cronicadesoledad.com\/index.php\/wp-json\/wp\/v2\/posts"}],"about":[{"href":"https:\/\/cronicadesoledad.com\/index.php\/wp-json\/wp\/v2\/types\/post"}],"author":[{"embeddable":true,"href":"https:\/\/cronicadesoledad.com\/index.php\/wp-json\/wp\/v2\/users\/1"}],"replies":[{"embeddable":true,"href":"https:\/\/cronicadesoledad.com\/index.php\/wp-json\/wp\/v2\/comments?post=20701"}],"version-history":[{"count":1,"href":"https:\/\/cronicadesoledad.com\/index.php\/wp-json\/wp\/v2\/posts\/20701\/revisions"}],"predecessor-version":[{"id":20703,"href":"https:\/\/cronicadesoledad.com\/index.php\/wp-json\/wp\/v2\/posts\/20701\/revisions\/20703"}],"wp:featuredmedia":[{"embeddable":true,"href":"https:\/\/cronicadesoledad.com\/index.php\/wp-json\/wp\/v2\/media\/20702"}],"wp:attachment":[{"href":"https:\/\/cronicadesoledad.com\/index.php\/wp-json\/wp\/v2\/media?parent=20701"}],"wp:term":[{"taxonomy":"category","embeddable":true,"href":"https:\/\/cronicadesoledad.com\/index.php\/wp-json\/wp\/v2\/categories?post=20701"},{"taxonomy":"post_tag","embeddable":true,"href":"https:\/\/cronicadesoledad.com\/index.php\/wp-json\/wp\/v2\/tags?post=20701"}],"curies":[{"name":"wp","href":"https:\/\/api.w.org\/{rel}","templated":true}]}}