{"id":20718,"date":"2025-07-04T10:22:24","date_gmt":"2025-07-04T16:22:24","guid":{"rendered":"https:\/\/cronicadesoledad.com\/?p=20718"},"modified":"2025-07-04T10:22:24","modified_gmt":"2025-07-04T16:22:24","slug":"villa-de-pozos-fortalece-vinculacion-laboral-con-feria-del-empleo","status":"publish","type":"post","link":"https:\/\/cronicadesoledad.com\/index.php\/2025\/07\/04\/villa-de-pozos-fortalece-vinculacion-laboral-con-feria-del-empleo\/","title":{"rendered":"Villa de Pozos fortalece vinculaci\u00f3n laboral con feria del empleo"},"content":{"rendered":"\n<p>El Gobierno Municipal de Villa de Pozos, en coordinaci\u00f3n con la Secretar\u00eda del Trabajo y Previsi\u00f3n Social, realiz\u00f3 con \u00e9xito la feria del empleo \u201cConecta y Empl\u00e9ate\u201d en la plaza principal del municipio, la cual reuni\u00f3 a m\u00e1s de 26 empresas que ofertaron m\u00e1s de 500 vacantes laborales para perfiles profesionales, t\u00e9cnicos, administrativos y operativos.<\/p>\n\n\n\n<p>La feria represent\u00f3 una gran oportunidad para las y los buscadores de empleo, quienes tuvieron acceso a opciones laborales con prestaciones de ley en empresas reconocidas como Paquete Express, cadena comercial Oxxo, Transportes Vencedor, Apelsa, Nissin, F\u00e1bricas de Papel Potos\u00ed, entre muchas otras, las cuales contaron con puestos como auxiliar de almac\u00e9n, bombero industrial, auxiliar de recursos humanos, auxiliar administrativo, entre otros.<\/p>\n\n\n\n<p>Diversas instituciones como el Sistema de Financiamiento para el Desarrollo del Estado (SIFIDE), el Instituto Nacional de las Personas Adultas Mayores (INAPAM), el Instituto Estatal de Educaci\u00f3n para los Adultos (IEEA), DIF Estatal y muchas m\u00e1s estuvieron presentes para brindar informaci\u00f3n y apoyos a los asistentes.<\/p>\n\n\n\n<p>La Presidenta Concejal, Teresa Rivera Acevedo, destac\u00f3 el esfuerzo interinstitucional entre diversas dependencias para brindar a la poblaci\u00f3n oportunidades laborales justas, legales y equitativas, adem\u00e1s reconoci\u00f3 el apoyo de Gobierno del Estado por acercar la feria del empleo a Villa de Pozos.<\/p>\n\n\n\n<p>El titular de la Secretar\u00eda de Trabajo, Crisigono S\u00e1nchez Lara, destac\u00f3 que el jard\u00edn principal del municipio de convirti\u00f3 en un espacio para promocionar el desarrollo econ\u00f3mico en la localidad y gracias a la presencia de las empresas m\u00e1s de 400 buscadores de empleo tuvieron la oportunidad de vincularse a una vacante, lo que demostr\u00f3 el compromiso del Gobierno del Estado y Municipal con la responsabilidad social.<\/p>\n","protected":false},"excerpt":{"rendered":"<p>El Gobierno Municipal de Villa de Pozos, en coordinaci\u00f3n con la Secretar\u00eda del Trabajo y Previsi\u00f3n Social, realiz\u00f3 con \u00e9xito la feria del empleo \u201cConecta y Empl\u00e9ate\u201d en la plaza principal del municipio, la cual reuni\u00f3 a m\u00e1s de 26 empresas que ofertaron m\u00e1s de 500 vacantes laborales para perfiles profesionales, t\u00e9cnicos, administrativos y operativos. [&hellip;]<\/p>\n","protected":false},"author":1,"featured_media":20719,"comment_status":"open","ping_status":"open","sticky":false,"template":"","format":"standard","meta":{"footnotes":""},"categories":[24,3175],"tags":[120,294,261,1068],"class_list":{"0":"post-20718","1":"post","2":"type-post","3":"status-publish","4":"format-standard","5":"has-post-thumbnail","7":"category-informacion-general","8":"category-pozos","9":"tag-feria-del-empleo","10":"tag-san-luis","11":"tag-slp","12":"tag-villa-de-pozos"},"_links":{"self":[{"href":"https:\/\/cronicadesoledad.com\/index.php\/wp-json\/wp\/v2\/posts\/20718","targetHints":{"allow":["GET"]}}],"collection":[{"href":"https:\/\/cronicadesoledad.com\/index.php\/wp-json\/wp\/v2\/posts"}],"about":[{"href":"https:\/\/cronicadesoledad.com\/index.php\/wp-json\/wp\/v2\/types\/post"}],"author":[{"embeddable":true,"href":"https:\/\/cronicadesoledad.com\/index.php\/wp-json\/wp\/v2\/users\/1"}],"replies":[{"embeddable":true,"href":"https:\/\/cronicadesoledad.com\/index.php\/wp-json\/wp\/v2\/comments?post=20718"}],"version-history":[{"count":1,"href":"https:\/\/cronicadesoledad.com\/index.php\/wp-json\/wp\/v2\/posts\/20718\/revisions"}],"predecessor-version":[{"id":20720,"href":"https:\/\/cronicadesoledad.com\/index.php\/wp-json\/wp\/v2\/posts\/20718\/revisions\/20720"}],"wp:featuredmedia":[{"embeddable":true,"href":"https:\/\/cronicadesoledad.com\/index.php\/wp-json\/wp\/v2\/media\/20719"}],"wp:attachment":[{"href":"https:\/\/cronicadesoledad.com\/index.php\/wp-json\/wp\/v2\/media?parent=20718"}],"wp:term":[{"taxonomy":"category","embeddable":true,"href":"https:\/\/cronicadesoledad.com\/index.php\/wp-json\/wp\/v2\/categories?post=20718"},{"taxonomy":"post_tag","embeddable":true,"href":"https:\/\/cronicadesoledad.com\/index.php\/wp-json\/wp\/v2\/tags?post=20718"}],"curies":[{"name":"wp","href":"https:\/\/api.w.org\/{rel}","templated":true}]}}