{"id":20721,"date":"2025-07-04T11:30:00","date_gmt":"2025-07-04T17:30:00","guid":{"rendered":"https:\/\/cronicadesoledad.com\/?p=20721"},"modified":"2025-07-04T10:32:47","modified_gmt":"2025-07-04T16:32:47","slug":"villa-de-pozos-fortalece-vinculacion-laboral-con-feria-del-empleo-2","status":"publish","type":"post","link":"https:\/\/cronicadesoledad.com\/index.php\/2025\/07\/04\/villa-de-pozos-fortalece-vinculacion-laboral-con-feria-del-empleo-2\/","title":{"rendered":"Villa de Pozos fortalece vinculaci\u00f3n laboral con feria del empleo"},"content":{"rendered":"\n<p>El Gobierno Municipal de Villa de Pozos, en colaboraci\u00f3n con la Secretar\u00eda de Salud, trabaja en la implementaci\u00f3n de un programa permanente de esterilizaci\u00f3n de animales dom\u00e9sticos y en situaci\u00f3n de calle, con el fin de cumplir con las obligaciones establecidas por la ley estatal de protecci\u00f3n a los animales y posicionar a la localidad como un modelo a seguir a nivel estatal en el \u00e1mbito del bienestar animal.<\/p>\n\n\n\n<p>La Comisi\u00f3n de Ecolog\u00eda inform\u00f3 que, a diferencia de las tradicionales jornadas de esterilizaci\u00f3n, este programa se llevar\u00e1 a cabo de manera continua en todas las colonias del municipio y de esta forma, se pretende establecer un sistema efectivo y duradero que permita atender el creciente problema de los animales en situaci\u00f3n de calle.<\/p>\n\n\n\n<p>Adem\u00e1s, autoridades municipales adquirieron conocimientos por parte de la Jurisdicci\u00f3n Sanitaria No. 1 sobre las herramientas y materiales necesarios para realizar las esterilizaciones, as\u00ed como sobre la importancia de contar con veterinarios capacitados y se asegur\u00f3 que, el proyecto se encuentra en proceso y una vez concretado, ser\u00e1 presentado ante el cabildo municipal para su aprobaci\u00f3n y ejecuci\u00f3n.<\/p>\n\n\n\n<p>El primer paso ser\u00e1 llevar a cabo las esterilizaciones en colonias con mayores \u00edndices de animales en situaci\u00f3n de calle, como Ciudad Sat\u00e9lite, donde se detect\u00f3 un problema grave en este sentido, as\u00ed lo declar\u00f3 la Comisi\u00f3n de Ecolog\u00eda, quien asegur\u00f3 que se busca contribuir con el bienestar animal y la salud p\u00fablica en Villa de Pozos.<\/p>\n","protected":false},"excerpt":{"rendered":"<p>El Gobierno Municipal de Villa de Pozos, en colaboraci\u00f3n con la Secretar\u00eda de Salud, trabaja en la implementaci\u00f3n de un programa permanente de esterilizaci\u00f3n de animales dom\u00e9sticos y en situaci\u00f3n de calle, con el fin de cumplir con las obligaciones establecidas por la ley estatal de protecci\u00f3n a los animales y posicionar a la localidad [&hellip;]<\/p>\n","protected":false},"author":1,"featured_media":20722,"comment_status":"open","ping_status":"open","sticky":false,"template":"","format":"standard","meta":{"footnotes":""},"categories":[24,3175],"tags":[120,269,294,261,1068],"class_list":{"0":"post-20721","1":"post","2":"type-post","3":"status-publish","4":"format-standard","5":"has-post-thumbnail","7":"category-informacion-general","8":"category-pozos","9":"tag-feria-del-empleo","10":"tag-salud","11":"tag-san-luis","12":"tag-slp","13":"tag-villa-de-pozos"},"_links":{"self":[{"href":"https:\/\/cronicadesoledad.com\/index.php\/wp-json\/wp\/v2\/posts\/20721","targetHints":{"allow":["GET"]}}],"collection":[{"href":"https:\/\/cronicadesoledad.com\/index.php\/wp-json\/wp\/v2\/posts"}],"about":[{"href":"https:\/\/cronicadesoledad.com\/index.php\/wp-json\/wp\/v2\/types\/post"}],"author":[{"embeddable":true,"href":"https:\/\/cronicadesoledad.com\/index.php\/wp-json\/wp\/v2\/users\/1"}],"replies":[{"embeddable":true,"href":"https:\/\/cronicadesoledad.com\/index.php\/wp-json\/wp\/v2\/comments?post=20721"}],"version-history":[{"count":1,"href":"https:\/\/cronicadesoledad.com\/index.php\/wp-json\/wp\/v2\/posts\/20721\/revisions"}],"predecessor-version":[{"id":20723,"href":"https:\/\/cronicadesoledad.com\/index.php\/wp-json\/wp\/v2\/posts\/20721\/revisions\/20723"}],"wp:featuredmedia":[{"embeddable":true,"href":"https:\/\/cronicadesoledad.com\/index.php\/wp-json\/wp\/v2\/media\/20722"}],"wp:attachment":[{"href":"https:\/\/cronicadesoledad.com\/index.php\/wp-json\/wp\/v2\/media?parent=20721"}],"wp:term":[{"taxonomy":"category","embeddable":true,"href":"https:\/\/cronicadesoledad.com\/index.php\/wp-json\/wp\/v2\/categories?post=20721"},{"taxonomy":"post_tag","embeddable":true,"href":"https:\/\/cronicadesoledad.com\/index.php\/wp-json\/wp\/v2\/tags?post=20721"}],"curies":[{"name":"wp","href":"https:\/\/api.w.org\/{rel}","templated":true}]}}