{"id":20726,"date":"2025-07-05T07:00:00","date_gmt":"2025-07-05T13:00:00","guid":{"rendered":"https:\/\/cronicadesoledad.com\/?p=20726"},"modified":"2025-07-04T19:07:25","modified_gmt":"2025-07-05T01:07:25","slug":"un-exito-la-feria-de-empleo-conecta-y-empleate-en-pozos","status":"publish","type":"post","link":"https:\/\/cronicadesoledad.com\/index.php\/2025\/07\/05\/un-exito-la-feria-de-empleo-conecta-y-empleate-en-pozos\/","title":{"rendered":"Un \u00e9xito la Feria de Empleo \u201cConecta y Empl\u00e9ate\u201d en Pozos"},"content":{"rendered":"\n<p>Con la amplia participaci\u00f3n de las y los potosinos y el s\u00f3lido respaldo de las empresas, se llev\u00f3 a cabo con gran \u00e9xito en Villa de Pozos, la Feria de Empleo \u201cConecta y Empl\u00e9ate\u201d, organizada por la Secretar\u00eda del Trabajo y Previsi\u00f3n Social (STPS), a trav\u00e9s del Servicio Nacional de Empleo (SNE), con m\u00e1s de 500 vacantes ofrecidas por 26 empresas locales, nacionales e internacionales.<\/p>\n\n\n\n<p>Acorde con el trabajo sin l\u00edmites del Gobernador del Estado Ricardo Gallardo Cardona en favorecer la vinculaci\u00f3n efectiva entre ofertantes y buscadores de empleo, el titular de la STPS, Cris\u00f3gono S\u00e1nchez Lara destac\u00f3 que estos ejercicios reflejan la confianza de empleadores en la mano de obra potosina, as\u00ed como el inter\u00e9s de las y los buscadores de empleo por integrarse al sector formal.<\/p>\n\n\n\n<p>Las vacantes incluyeron puestos como: t\u00e9cnico en refrigeraci\u00f3n, ingeniero el\u00e9ctrico, inspector de empaque, ingeniero de proyectos, auditor de calidad, ingeniero en alimentos, t\u00e9cnico en mantenimiento, t\u00e9cnico en procesos, ejecutivo de ventas, chofer, ayudante de tienda y operarios, entre otros.<\/p>\n","protected":false},"excerpt":{"rendered":"<p>Con la amplia participaci\u00f3n de las y los potosinos y el s\u00f3lido respaldo de las empresas, se llev\u00f3 a cabo con gran \u00e9xito en Villa de Pozos, la Feria de Empleo \u201cConecta y Empl\u00e9ate\u201d, organizada por la Secretar\u00eda del Trabajo y Previsi\u00f3n Social (STPS), a trav\u00e9s del Servicio Nacional de Empleo (SNE), con m\u00e1s de [&hellip;]<\/p>\n","protected":false},"author":1,"featured_media":20729,"comment_status":"open","ping_status":"open","sticky":false,"template":"","format":"standard","meta":{"footnotes":""},"categories":[24,3175],"tags":[120,294,261,1068],"class_list":{"0":"post-20726","1":"post","2":"type-post","3":"status-publish","4":"format-standard","5":"has-post-thumbnail","7":"category-informacion-general","8":"category-pozos","9":"tag-feria-del-empleo","10":"tag-san-luis","11":"tag-slp","12":"tag-villa-de-pozos"},"_links":{"self":[{"href":"https:\/\/cronicadesoledad.com\/index.php\/wp-json\/wp\/v2\/posts\/20726","targetHints":{"allow":["GET"]}}],"collection":[{"href":"https:\/\/cronicadesoledad.com\/index.php\/wp-json\/wp\/v2\/posts"}],"about":[{"href":"https:\/\/cronicadesoledad.com\/index.php\/wp-json\/wp\/v2\/types\/post"}],"author":[{"embeddable":true,"href":"https:\/\/cronicadesoledad.com\/index.php\/wp-json\/wp\/v2\/users\/1"}],"replies":[{"embeddable":true,"href":"https:\/\/cronicadesoledad.com\/index.php\/wp-json\/wp\/v2\/comments?post=20726"}],"version-history":[{"count":1,"href":"https:\/\/cronicadesoledad.com\/index.php\/wp-json\/wp\/v2\/posts\/20726\/revisions"}],"predecessor-version":[{"id":20731,"href":"https:\/\/cronicadesoledad.com\/index.php\/wp-json\/wp\/v2\/posts\/20726\/revisions\/20731"}],"wp:featuredmedia":[{"embeddable":true,"href":"https:\/\/cronicadesoledad.com\/index.php\/wp-json\/wp\/v2\/media\/20729"}],"wp:attachment":[{"href":"https:\/\/cronicadesoledad.com\/index.php\/wp-json\/wp\/v2\/media?parent=20726"}],"wp:term":[{"taxonomy":"category","embeddable":true,"href":"https:\/\/cronicadesoledad.com\/index.php\/wp-json\/wp\/v2\/categories?post=20726"},{"taxonomy":"post_tag","embeddable":true,"href":"https:\/\/cronicadesoledad.com\/index.php\/wp-json\/wp\/v2\/tags?post=20726"}],"curies":[{"name":"wp","href":"https:\/\/api.w.org\/{rel}","templated":true}]}}