{"id":20807,"date":"2025-07-08T19:49:25","date_gmt":"2025-07-09T01:49:25","guid":{"rendered":"https:\/\/cronicadesoledad.com\/?p=20807"},"modified":"2025-07-08T19:49:26","modified_gmt":"2025-07-09T01:49:26","slug":"villa-de-pozos-promueve-aprendizaje-a-traves-de-la-diversion","status":"publish","type":"post","link":"https:\/\/cronicadesoledad.com\/index.php\/2025\/07\/08\/villa-de-pozos-promueve-aprendizaje-a-traves-de-la-diversion\/","title":{"rendered":"Villa de Pozos promueve aprendizaje a trav\u00e9s de la diversi\u00f3n"},"content":{"rendered":"\n<p>El Gobierno Municipal de Villa de Pozos, a trav\u00e9s del Sistema Municipal para el Desarrollo Integral de la Familia (DIF), llev\u00f3 a cabo una actividad educativa bajo el tema &#8220;Los animales de la selva&#8221; dirigida a los ni\u00f1os y ni\u00f1as del Centro Educativo TEPEU, con el prop\u00f3sito de ense\u00f1ar a los peque\u00f1os sobre el reino animal de una manera divertida y creativa.<\/p>\n\n\n\n<p>La presidenta del DIF Municipal, Laura Ang\u00e9lica Villanueva Hern\u00e1ndez, destac\u00f3 que la iniciativa foment\u00f3 el aprendizaje sobre la fauna de la selva de una forma entretenida con el objetivo de que las y los ni\u00f1os aprendan sobre el mundo animal mediante la diversi\u00f3n, adem\u00e1s de estimular su imaginaci\u00f3n y curiosidad.<\/p>\n\n\n\n<p>Durante la jornada, las y los estudiantes del Centro Educativo TEPEU tuvieron la oportunidad de interactuar con diversos materiales educativos, como maquetas y exposiciones, que les permitieron conocer de cerca las caracter\u00edsticas de los animales de la selva, adem\u00e1s, para complementar el aprendizaje, los ni\u00f1os participaron en actividades l\u00fadicas, como disfraces de diferentes animales, lo que les permiti\u00f3 acercarse a la tem\u00e1tica de una manera visual y pr\u00e1ctica.<\/p>\n\n\n\n<p>La presidenta del DIF, se\u00f1al\u00f3 los beneficios de estas din\u00e1micas en el desarrollo de los peque\u00f1os y se\u00f1al\u00f3 que estas actividades no solo enriquecen su conocimiento sobre la naturaleza, sino que tambi\u00e9n fortalecen habilidades sociales, cognitivas, el lenguaje y la motricidad, esenciales en su crecimiento.<\/p>\n","protected":false},"excerpt":{"rendered":"<p>El Gobierno Municipal de Villa de Pozos, a trav\u00e9s del Sistema Municipal para el Desarrollo Integral de la Familia (DIF), llev\u00f3 a cabo una actividad educativa bajo el tema &#8220;Los animales de la selva&#8221; dirigida a los ni\u00f1os y ni\u00f1as del Centro Educativo TEPEU, con el prop\u00f3sito de ense\u00f1ar a los peque\u00f1os sobre el reino [&hellip;]<\/p>\n","protected":false},"author":1,"featured_media":20808,"comment_status":"open","ping_status":"open","sticky":false,"template":"","format":"standard","meta":{"footnotes":""},"categories":[3240,24,3175],"tags":[320,294,261,1068],"class_list":{"0":"post-20807","1":"post","2":"type-post","3":"status-publish","4":"format-standard","5":"has-post-thumbnail","7":"category-educacion","8":"category-informacion-general","9":"category-pozos","10":"tag-educacion","11":"tag-san-luis","12":"tag-slp","13":"tag-villa-de-pozos"},"_links":{"self":[{"href":"https:\/\/cronicadesoledad.com\/index.php\/wp-json\/wp\/v2\/posts\/20807","targetHints":{"allow":["GET"]}}],"collection":[{"href":"https:\/\/cronicadesoledad.com\/index.php\/wp-json\/wp\/v2\/posts"}],"about":[{"href":"https:\/\/cronicadesoledad.com\/index.php\/wp-json\/wp\/v2\/types\/post"}],"author":[{"embeddable":true,"href":"https:\/\/cronicadesoledad.com\/index.php\/wp-json\/wp\/v2\/users\/1"}],"replies":[{"embeddable":true,"href":"https:\/\/cronicadesoledad.com\/index.php\/wp-json\/wp\/v2\/comments?post=20807"}],"version-history":[{"count":1,"href":"https:\/\/cronicadesoledad.com\/index.php\/wp-json\/wp\/v2\/posts\/20807\/revisions"}],"predecessor-version":[{"id":20810,"href":"https:\/\/cronicadesoledad.com\/index.php\/wp-json\/wp\/v2\/posts\/20807\/revisions\/20810"}],"wp:featuredmedia":[{"embeddable":true,"href":"https:\/\/cronicadesoledad.com\/index.php\/wp-json\/wp\/v2\/media\/20808"}],"wp:attachment":[{"href":"https:\/\/cronicadesoledad.com\/index.php\/wp-json\/wp\/v2\/media?parent=20807"}],"wp:term":[{"taxonomy":"category","embeddable":true,"href":"https:\/\/cronicadesoledad.com\/index.php\/wp-json\/wp\/v2\/categories?post=20807"},{"taxonomy":"post_tag","embeddable":true,"href":"https:\/\/cronicadesoledad.com\/index.php\/wp-json\/wp\/v2\/tags?post=20807"}],"curies":[{"name":"wp","href":"https:\/\/api.w.org\/{rel}","templated":true}]}}