{"id":20817,"date":"2025-07-09T07:00:00","date_gmt":"2025-07-09T13:00:00","guid":{"rendered":"https:\/\/cronicadesoledad.com\/?p=20817"},"modified":"2025-07-08T20:11:52","modified_gmt":"2025-07-09T02:11:52","slug":"villa-de-pozos-intensifica-recorridos-de-seguridad-ante-lluvias","status":"publish","type":"post","link":"https:\/\/cronicadesoledad.com\/index.php\/2025\/07\/09\/villa-de-pozos-intensifica-recorridos-de-seguridad-ante-lluvias\/","title":{"rendered":"Villa de Pozos intensifica recorridos de seguridad ante lluvias"},"content":{"rendered":"\n<p>El Gobierno Municipal de Villa de Pozos, a trav\u00e9s de la Direcci\u00f3n de Protecci\u00f3n Civil y la Guardia Civil municipal, intensific\u00f3 los recorridos de seguridad en las distintas colonias de la localidad, con el objetivo de mitigar riesgos y proteger a los ciudadanos ante las lluvias registradas en las \u00faltimas horas con labores preventivas que buscan asegurar la integridad de la poblaci\u00f3n ante fen\u00f3menos meteorol\u00f3gicos.<\/p>\n\n\n\n<p>El Director de Protecci\u00f3n Civil, Antonio Z\u00fa\u00f1iga \u00c1vila, indic\u00f3 que personal especializado realiza recorridos de supervisi\u00f3n y prevenci\u00f3n para detectar posibles riesgos y se lleva a cabo un monitoreo constante en zonas vulnerables a encharcamientos e inundaciones, as\u00ed como en puntos cr\u00edticos como alcantarillas, drenajes y cauces.<\/p>\n\n\n\n<p>Por su parte la Guardia Civil municipal, precis\u00f3 que es fundamental recorridos para detectar de forma oportuna cualquier riesgo que pueda afectar la seguridad de la poblaci\u00f3n y dar mayor flu\u00eddes a la circulaci\u00f3n.<\/p>\n\n\n\n<p>Ambas dependencias hicieron un llamado a la ciudadan\u00eda para que sigan las recomendaciones de seguridad como evitar cruzar calles con corriente, no tirar basura en las v\u00edas p\u00fablicas, mantenerse informados a trav\u00e9s de los canales oficiales y reportar cualquier emergencia a las lineas telef\u00f3nicas, 4448092548 o 4446593091 y al 911.<\/p>\n","protected":false},"excerpt":{"rendered":"<p>El Gobierno Municipal de Villa de Pozos, a trav\u00e9s de la Direcci\u00f3n de Protecci\u00f3n Civil y la Guardia Civil municipal, intensific\u00f3 los recorridos de seguridad en las distintas colonias de la localidad, con el objetivo de mitigar riesgos y proteger a los ciudadanos ante las lluvias registradas en las \u00faltimas horas con labores preventivas que [&hellip;]<\/p>\n","protected":false},"author":1,"featured_media":20818,"comment_status":"open","ping_status":"open","sticky":false,"template":"","format":"standard","meta":{"footnotes":""},"categories":[24,3175,19],"tags":[346,294,276,261,1068],"class_list":{"0":"post-20817","1":"post","2":"type-post","3":"status-publish","4":"format-standard","5":"has-post-thumbnail","7":"category-informacion-general","8":"category-pozos","9":"category-seguridad","10":"tag-lluvias","11":"tag-san-luis","12":"tag-seguridad","13":"tag-slp","14":"tag-villa-de-pozos"},"_links":{"self":[{"href":"https:\/\/cronicadesoledad.com\/index.php\/wp-json\/wp\/v2\/posts\/20817","targetHints":{"allow":["GET"]}}],"collection":[{"href":"https:\/\/cronicadesoledad.com\/index.php\/wp-json\/wp\/v2\/posts"}],"about":[{"href":"https:\/\/cronicadesoledad.com\/index.php\/wp-json\/wp\/v2\/types\/post"}],"author":[{"embeddable":true,"href":"https:\/\/cronicadesoledad.com\/index.php\/wp-json\/wp\/v2\/users\/1"}],"replies":[{"embeddable":true,"href":"https:\/\/cronicadesoledad.com\/index.php\/wp-json\/wp\/v2\/comments?post=20817"}],"version-history":[{"count":1,"href":"https:\/\/cronicadesoledad.com\/index.php\/wp-json\/wp\/v2\/posts\/20817\/revisions"}],"predecessor-version":[{"id":20819,"href":"https:\/\/cronicadesoledad.com\/index.php\/wp-json\/wp\/v2\/posts\/20817\/revisions\/20819"}],"wp:featuredmedia":[{"embeddable":true,"href":"https:\/\/cronicadesoledad.com\/index.php\/wp-json\/wp\/v2\/media\/20818"}],"wp:attachment":[{"href":"https:\/\/cronicadesoledad.com\/index.php\/wp-json\/wp\/v2\/media?parent=20817"}],"wp:term":[{"taxonomy":"category","embeddable":true,"href":"https:\/\/cronicadesoledad.com\/index.php\/wp-json\/wp\/v2\/categories?post=20817"},{"taxonomy":"post_tag","embeddable":true,"href":"https:\/\/cronicadesoledad.com\/index.php\/wp-json\/wp\/v2\/tags?post=20817"}],"curies":[{"name":"wp","href":"https:\/\/api.w.org\/{rel}","templated":true}]}}