{"id":20824,"date":"2025-07-09T09:00:00","date_gmt":"2025-07-09T15:00:00","guid":{"rendered":"https:\/\/cronicadesoledad.com\/?p=20824"},"modified":"2025-07-08T20:28:17","modified_gmt":"2025-07-09T02:28:17","slug":"villa-de-pozos-anuncia-cierres-viales-por-rehabilitacion-de-camino-a-santa-rita","status":"publish","type":"post","link":"https:\/\/cronicadesoledad.com\/index.php\/2025\/07\/09\/villa-de-pozos-anuncia-cierres-viales-por-rehabilitacion-de-camino-a-santa-rita\/","title":{"rendered":"Villa de Pozos anuncia cierres viales por rehabilitaci\u00f3n de camino a Santa Rita"},"content":{"rendered":"\n<p>El Gobierno Municipal de Villa de Pozos, a trav\u00e9s de la Guardia Civil Municipal, informa a la ciudadan\u00eda que a partir de esta tarde se llevar\u00e1n a cabo cierres parciales de circulaci\u00f3n como parte de los trabajos de rehabilitaci\u00f3n del Camino a Santa Rita, una de las v\u00edas importantes para la conectividad de la zona.<\/p>\n\n\n\n<p>Como parte de estas acciones, se cerrar\u00e1 parcialmente la calle Bosques de las Flores, en el tramo comprendido entre el Camino Antiguo a Santa Mar\u00eda del R\u00edo y la Carretera 57 y con el fin de mantener la movilidad en esta zona, se establecer\u00e1 un contraflujo para los veh\u00edculos que transiten en direcci\u00f3n de la Carretera 57 hacia Santa Mar\u00eda del R\u00edo<\/p>\n\n\n\n<p>Se inform\u00f3 que, se llevar\u00e1 a cabo un cierre adicional en la calle Javier Silva, desde su cruce con la calle Jos\u00e9 Hern\u00e1ndez Guerra, lo que representa una intervenci\u00f3n necesaria para complementar las obras y garantizar una conectividad adecuada entre las vialidades intervenidas.<\/p>\n\n\n\n<p>Las autoridades hacen un llamado a la ciudadan\u00eda para que extreme precauciones al transitar por estas zonas, respete la se\u00f1alizaci\u00f3n y atienda las indicaciones del personal de la Guardia Civil Municipal, quien estar\u00e1 apoyando en la regulaci\u00f3n del tr\u00e1fico y la orientaci\u00f3n a los conductores.<\/p>\n","protected":false},"excerpt":{"rendered":"<p>El Gobierno Municipal de Villa de Pozos, a trav\u00e9s de la Guardia Civil Municipal, informa a la ciudadan\u00eda que a partir de esta tarde se llevar\u00e1n a cabo cierres parciales de circulaci\u00f3n como parte de los trabajos de rehabilitaci\u00f3n del Camino a Santa Rita, una de las v\u00edas importantes para la conectividad de la zona. [&hellip;]<\/p>\n","protected":false},"author":1,"featured_media":20827,"comment_status":"open","ping_status":"open","sticky":false,"template":"","format":"standard","meta":{"footnotes":""},"categories":[24,3175],"tags":[3751,294,3963,261,1068],"class_list":{"0":"post-20824","1":"post","2":"type-post","3":"status-publish","4":"format-standard","5":"has-post-thumbnail","7":"category-informacion-general","8":"category-pozos","9":"tag-cierres-viales","10":"tag-san-luis","11":"tag-santa-rita","12":"tag-slp","13":"tag-villa-de-pozos"},"_links":{"self":[{"href":"https:\/\/cronicadesoledad.com\/index.php\/wp-json\/wp\/v2\/posts\/20824","targetHints":{"allow":["GET"]}}],"collection":[{"href":"https:\/\/cronicadesoledad.com\/index.php\/wp-json\/wp\/v2\/posts"}],"about":[{"href":"https:\/\/cronicadesoledad.com\/index.php\/wp-json\/wp\/v2\/types\/post"}],"author":[{"embeddable":true,"href":"https:\/\/cronicadesoledad.com\/index.php\/wp-json\/wp\/v2\/users\/1"}],"replies":[{"embeddable":true,"href":"https:\/\/cronicadesoledad.com\/index.php\/wp-json\/wp\/v2\/comments?post=20824"}],"version-history":[{"count":1,"href":"https:\/\/cronicadesoledad.com\/index.php\/wp-json\/wp\/v2\/posts\/20824\/revisions"}],"predecessor-version":[{"id":20828,"href":"https:\/\/cronicadesoledad.com\/index.php\/wp-json\/wp\/v2\/posts\/20824\/revisions\/20828"}],"wp:featuredmedia":[{"embeddable":true,"href":"https:\/\/cronicadesoledad.com\/index.php\/wp-json\/wp\/v2\/media\/20827"}],"wp:attachment":[{"href":"https:\/\/cronicadesoledad.com\/index.php\/wp-json\/wp\/v2\/media?parent=20824"}],"wp:term":[{"taxonomy":"category","embeddable":true,"href":"https:\/\/cronicadesoledad.com\/index.php\/wp-json\/wp\/v2\/categories?post=20824"},{"taxonomy":"post_tag","embeddable":true,"href":"https:\/\/cronicadesoledad.com\/index.php\/wp-json\/wp\/v2\/tags?post=20824"}],"curies":[{"name":"wp","href":"https:\/\/api.w.org\/{rel}","templated":true}]}}