{"id":20831,"date":"2025-07-08T23:30:00","date_gmt":"2025-07-09T05:30:00","guid":{"rendered":"https:\/\/cronicadesoledad.com\/?p=20831"},"modified":"2025-07-08T20:41:47","modified_gmt":"2025-07-09T02:41:47","slug":"anuncian-nuevas-pavimentaciones-y-rehabilitacion-de-caminos-en-comunidad-cerritos-delegacion-la-pila","status":"publish","type":"post","link":"https:\/\/cronicadesoledad.com\/index.php\/2025\/07\/08\/anuncian-nuevas-pavimentaciones-y-rehabilitacion-de-caminos-en-comunidad-cerritos-delegacion-la-pila\/","title":{"rendered":"Anuncian nuevas pavimentaciones y rehabilitaci\u00f3n de caminos en comunidad Cerritos, Delegaci\u00f3n La Pila"},"content":{"rendered":"\n<p>Durante una jornada del programa municipal &#8220;Capital al 100&#8221;, se anunciaron diversas obras de pavimentaci\u00f3n y rehabilitaci\u00f3n de vialidades en la comunidad Cerritos, ubicada en la Delegaci\u00f3n La Pila.<\/p>\n\n\n\n<p>Entre las acciones previstas se encuentra la pavimentaci\u00f3n de la calle Tres, en el tramo que va de las v\u00edas del ferrocarril hasta la calle Uno; as\u00ed como la calle Uno, desde el puente vehicular hasta la salida hacia el camino que conecta con Goodyear o Jarillas de G\u00f3mez.<\/p>\n\n\n\n<p>Tambi\u00e9n se trabajar\u00e1 en la rehabilitaci\u00f3n de caminos que enlazan esta comunidad con otras zonas de La Pila. Se intervendr\u00e1 el trayecto que va desde el puente de la calle Hidalgo hasta el canal D\u00e1maso y de ah\u00ed a las v\u00edas del tren, as\u00ed como el camino de Cerritos hacia Goodyear.<\/p>\n\n\n\n<p>Durante el evento, se dieron instrucciones para incluir estas obras en el programa de pavimentaci\u00f3n municipal. Adem\u00e1s, se anunci\u00f3 la instalaci\u00f3n de alumbrado p\u00fablico en sectores que lo requieren y la presencia de la unidad m\u00f3vil de salud del DIF, que ofrecer\u00e1 servicios m\u00e9dicos gratuitos como parte de la Ruta de la Salud.<\/p>\n\n\n\n<p>Adicionalmente, se entregaron art\u00edculos deportivos a estudiantes de la Escuela Secundaria Miguel Barrag\u00e1n y enseres dom\u00e9sticos a mujeres de la comunidad.<\/p>\n\n\n\n<p>Cerritos, considerada una de las comunidades m\u00e1s alejadas dentro de la delegaci\u00f3n, ser\u00e1 una de las beneficiadas con estas intervenciones enfocadas en mejorar infraestructura y servicios b\u00e1sicos.<\/p>\n","protected":false},"excerpt":{"rendered":"<p>Durante una jornada del programa municipal &#8220;Capital al 100&#8221;, se anunciaron diversas obras de pavimentaci\u00f3n y rehabilitaci\u00f3n de vialidades en la comunidad Cerritos, ubicada en la Delegaci\u00f3n La Pila. Entre las acciones previstas se encuentra la pavimentaci\u00f3n de la calle Tres, en el tramo que va de las v\u00edas del ferrocarril hasta la calle Uno; [&hellip;]<\/p>\n","protected":false},"author":1,"featured_media":20832,"comment_status":"open","ping_status":"open","sticky":false,"template":"","format":"standard","meta":{"footnotes":""},"categories":[24,3163],"tags":[4293,4609,2502,1066,1427,2942,261],"class_list":{"0":"post-20831","1":"post","2":"type-post","3":"status-publish","4":"format-standard","5":"has-post-thumbnail","7":"category-informacion-general","8":"category-san-luis-potosi","9":"tag-capital-al-100","10":"tag-cerritos","11":"tag-enrique-galindo-ceballos","12":"tag-la-pila","13":"tag-pavimentacion","14":"tag-rehabilitacion-2","15":"tag-slp"},"_links":{"self":[{"href":"https:\/\/cronicadesoledad.com\/index.php\/wp-json\/wp\/v2\/posts\/20831","targetHints":{"allow":["GET"]}}],"collection":[{"href":"https:\/\/cronicadesoledad.com\/index.php\/wp-json\/wp\/v2\/posts"}],"about":[{"href":"https:\/\/cronicadesoledad.com\/index.php\/wp-json\/wp\/v2\/types\/post"}],"author":[{"embeddable":true,"href":"https:\/\/cronicadesoledad.com\/index.php\/wp-json\/wp\/v2\/users\/1"}],"replies":[{"embeddable":true,"href":"https:\/\/cronicadesoledad.com\/index.php\/wp-json\/wp\/v2\/comments?post=20831"}],"version-history":[{"count":1,"href":"https:\/\/cronicadesoledad.com\/index.php\/wp-json\/wp\/v2\/posts\/20831\/revisions"}],"predecessor-version":[{"id":20833,"href":"https:\/\/cronicadesoledad.com\/index.php\/wp-json\/wp\/v2\/posts\/20831\/revisions\/20833"}],"wp:featuredmedia":[{"embeddable":true,"href":"https:\/\/cronicadesoledad.com\/index.php\/wp-json\/wp\/v2\/media\/20832"}],"wp:attachment":[{"href":"https:\/\/cronicadesoledad.com\/index.php\/wp-json\/wp\/v2\/media?parent=20831"}],"wp:term":[{"taxonomy":"category","embeddable":true,"href":"https:\/\/cronicadesoledad.com\/index.php\/wp-json\/wp\/v2\/categories?post=20831"},{"taxonomy":"post_tag","embeddable":true,"href":"https:\/\/cronicadesoledad.com\/index.php\/wp-json\/wp\/v2\/tags?post=20831"}],"curies":[{"name":"wp","href":"https:\/\/api.w.org\/{rel}","templated":true}]}}