{"id":20864,"date":"2025-07-09T20:30:00","date_gmt":"2025-07-10T02:30:00","guid":{"rendered":"https:\/\/cronicadesoledad.com\/?p=20864"},"modified":"2025-07-09T18:52:13","modified_gmt":"2025-07-10T00:52:13","slug":"inicia-reconstruccion-total-de-la-lateral-sur-de-salvador-nava-alcalde-galindo","status":"publish","type":"post","link":"https:\/\/cronicadesoledad.com\/index.php\/2025\/07\/09\/inicia-reconstruccion-total-de-la-lateral-sur-de-salvador-nava-alcalde-galindo\/","title":{"rendered":"Inicia reconstrucci\u00f3n total de la lateral sur de Salvador Nava: Alcalde Galindo"},"content":{"rendered":"\n<p>El alcalde <strong>Enrique Galindo Ceballos<\/strong> dio inicio este martes a los trabajos de reconstrucci\u00f3n integral en la <strong>lateral sur de la Diagonal Salvador Nava<\/strong>, desde Tata Nacho hasta Mariano Jim\u00e9nez, como parte de la edici\u00f3n n\u00famero 282 del programa <strong>Capital al 100<\/strong>.<\/p>\n\n\n\n<p>El proyecto contempla una intervenci\u00f3n profunda en una de las vialidades m\u00e1s transitadas de la ciudad, que no hab\u00eda recibido mantenimiento mayor en al menos 15 a\u00f1os. Galindo Ceballos subray\u00f3 que la obra no solo rehabilitar\u00e1 el pavimento, sino tambi\u00e9n el sistema pluvial y la imagen urbana de la zona. \u201cEsta calle estaba completamente destruida. Hoy arrancamos una transformaci\u00f3n total\u201d, afirm\u00f3.<\/p>\n\n\n\n<p>El <strong>Director de Obras P\u00fablicas<\/strong>, <strong>Eustorgio Ch\u00e1vez Garza<\/strong>, explic\u00f3 que la obra cubrir\u00e1 una superficie de <strong>3,600 metros cuadrados<\/strong>, con trabajos que incluyen la instalaci\u00f3n de <strong>cinco rejillas pluviales<\/strong>, aplicaci\u00f3n de <strong>concreto hidr\u00e1ulico<\/strong> de larga duraci\u00f3n, as\u00ed como nueva se\u00f1al\u00e9tica, pintura en guarniciones y pasos peatonales.<\/p>\n\n\n\n<p>Adem\u00e1s de la obra vial, el programa tambi\u00e9n despleg\u00f3 acciones de limpieza y mantenimiento urbano. El <strong>Director de Servicios Municipales<\/strong>, <strong>Christian Azuara Azuara<\/strong>, inform\u00f3 que se realizaron labores de <strong>deshierbe en banquetas y taludes<\/strong>, as\u00ed como mejoras visuales a lo largo de la avenida Tata Nacho.<\/p>\n","protected":false},"excerpt":{"rendered":"<p>El alcalde Enrique Galindo Ceballos dio inicio este martes a los trabajos de reconstrucci\u00f3n integral en la lateral sur de la Diagonal Salvador Nava, desde Tata Nacho hasta Mariano Jim\u00e9nez, como parte de la edici\u00f3n n\u00famero 282 del programa Capital al 100. El proyecto contempla una intervenci\u00f3n profunda en una de las vialidades m\u00e1s transitadas [&hellip;]<\/p>\n","protected":false},"author":1,"featured_media":20865,"comment_status":"open","ping_status":"open","sticky":false,"template":"","format":"standard","meta":{"footnotes":""},"categories":[24,3163],"tags":[1968,2502,4615,2877,1081,261],"class_list":{"0":"post-20864","1":"post","2":"type-post","3":"status-publish","4":"format-standard","5":"has-post-thumbnail","7":"category-informacion-general","8":"category-san-luis-potosi","9":"tag-alcalde","10":"tag-enrique-galindo-ceballos","11":"tag-lateral-sur","12":"tag-reconstruccion","13":"tag-salvador-nava","14":"tag-slp"},"_links":{"self":[{"href":"https:\/\/cronicadesoledad.com\/index.php\/wp-json\/wp\/v2\/posts\/20864","targetHints":{"allow":["GET"]}}],"collection":[{"href":"https:\/\/cronicadesoledad.com\/index.php\/wp-json\/wp\/v2\/posts"}],"about":[{"href":"https:\/\/cronicadesoledad.com\/index.php\/wp-json\/wp\/v2\/types\/post"}],"author":[{"embeddable":true,"href":"https:\/\/cronicadesoledad.com\/index.php\/wp-json\/wp\/v2\/users\/1"}],"replies":[{"embeddable":true,"href":"https:\/\/cronicadesoledad.com\/index.php\/wp-json\/wp\/v2\/comments?post=20864"}],"version-history":[{"count":1,"href":"https:\/\/cronicadesoledad.com\/index.php\/wp-json\/wp\/v2\/posts\/20864\/revisions"}],"predecessor-version":[{"id":20866,"href":"https:\/\/cronicadesoledad.com\/index.php\/wp-json\/wp\/v2\/posts\/20864\/revisions\/20866"}],"wp:featuredmedia":[{"embeddable":true,"href":"https:\/\/cronicadesoledad.com\/index.php\/wp-json\/wp\/v2\/media\/20865"}],"wp:attachment":[{"href":"https:\/\/cronicadesoledad.com\/index.php\/wp-json\/wp\/v2\/media?parent=20864"}],"wp:term":[{"taxonomy":"category","embeddable":true,"href":"https:\/\/cronicadesoledad.com\/index.php\/wp-json\/wp\/v2\/categories?post=20864"},{"taxonomy":"post_tag","embeddable":true,"href":"https:\/\/cronicadesoledad.com\/index.php\/wp-json\/wp\/v2\/tags?post=20864"}],"curies":[{"name":"wp","href":"https:\/\/api.w.org\/{rel}","templated":true}]}}