{"id":20905,"date":"2025-07-11T07:00:00","date_gmt":"2025-07-11T13:00:00","guid":{"rendered":"https:\/\/cronicadesoledad.com\/?p=20905"},"modified":"2025-07-10T22:42:35","modified_gmt":"2025-07-11T04:42:35","slug":"comenzo-la-transformacion-en-la-colonia-rancho-la-libertad-en-villa-de-pozos","status":"publish","type":"post","link":"https:\/\/cronicadesoledad.com\/index.php\/2025\/07\/11\/comenzo-la-transformacion-en-la-colonia-rancho-la-libertad-en-villa-de-pozos\/","title":{"rendered":"Comenz\u00f3 la transformaci\u00f3n en la colonia Rancho La Libertad en Villa de Pozos"},"content":{"rendered":"\n<p>Como parte del compromiso del Gobierno Municipal de Villa de Pozos por mejorar la infraestructura vial que estaba en el abandono y elevar la calidad de vida de sus habitantes, la Presidenta Concejal teresa Rivera Acevedo dio inicio a los trabajos de rehabilitaci\u00f3n integral de la calle Insurgentes, en el tramo de la calle Antonio Nieto a calle Santa Luc\u00eda de la colonia Rancho La Libertad, en beneficio de m\u00e1s de cinco mil usuarios directos e indirectos.<\/p>\n\n\n\n<p>Con una inversi\u00f3n de m\u00e1s de tres millones de pesos, se reconstruir\u00e1n m\u00e1s de mil 500 metros cuadrados de pavimento en el arroyo vehicular, con un promedio de ancho de 5.50 metros y la intervenci\u00f3n no solo abarca la carpeta asf\u00e1ltica, sino que incluye la rehabilitaci\u00f3n integral de banquetas, guarniciones, alumbrado p\u00fablico, as\u00ed como los servicios b\u00e1sicos de agua potable y drenaje sanitario, contemplando un total de 54 servicios domiciliarios y se instalar\u00e1 se\u00f1alamiento vial horizontal y vertical para asegurar una correcta orientaci\u00f3n y seguridad para conductores y peatones.<\/p>\n\n\n\n<p>Jorge Rodr\u00edguez, vecino y beneficiario de esta obra, agradeci\u00f3 el apoyo a la Presidenta Concejal para realizar la obra que se ped\u00eda desde hace d\u00e9cadas y afirm\u00f3 que ahora la zona mejorar\u00e1 de manera significativa para el bienestar de las y los habitantes en la zona.<\/p>\n","protected":false},"excerpt":{"rendered":"<p>Como parte del compromiso del Gobierno Municipal de Villa de Pozos por mejorar la infraestructura vial que estaba en el abandono y elevar la calidad de vida de sus habitantes, la Presidenta Concejal teresa Rivera Acevedo dio inicio a los trabajos de rehabilitaci\u00f3n integral de la calle Insurgentes, en el tramo de la calle Antonio [&hellip;]<\/p>\n","protected":false},"author":1,"featured_media":20906,"comment_status":"open","ping_status":"open","sticky":false,"template":"","format":"standard","meta":{"footnotes":""},"categories":[24,3175],"tags":[1245,294,261,1068],"class_list":{"0":"post-20905","1":"post","2":"type-post","3":"status-publish","4":"format-standard","5":"has-post-thumbnail","7":"category-informacion-general","8":"category-pozos","9":"tag-infraestructura","10":"tag-san-luis","11":"tag-slp","12":"tag-villa-de-pozos"},"_links":{"self":[{"href":"https:\/\/cronicadesoledad.com\/index.php\/wp-json\/wp\/v2\/posts\/20905","targetHints":{"allow":["GET"]}}],"collection":[{"href":"https:\/\/cronicadesoledad.com\/index.php\/wp-json\/wp\/v2\/posts"}],"about":[{"href":"https:\/\/cronicadesoledad.com\/index.php\/wp-json\/wp\/v2\/types\/post"}],"author":[{"embeddable":true,"href":"https:\/\/cronicadesoledad.com\/index.php\/wp-json\/wp\/v2\/users\/1"}],"replies":[{"embeddable":true,"href":"https:\/\/cronicadesoledad.com\/index.php\/wp-json\/wp\/v2\/comments?post=20905"}],"version-history":[{"count":1,"href":"https:\/\/cronicadesoledad.com\/index.php\/wp-json\/wp\/v2\/posts\/20905\/revisions"}],"predecessor-version":[{"id":20907,"href":"https:\/\/cronicadesoledad.com\/index.php\/wp-json\/wp\/v2\/posts\/20905\/revisions\/20907"}],"wp:featuredmedia":[{"embeddable":true,"href":"https:\/\/cronicadesoledad.com\/index.php\/wp-json\/wp\/v2\/media\/20906"}],"wp:attachment":[{"href":"https:\/\/cronicadesoledad.com\/index.php\/wp-json\/wp\/v2\/media?parent=20905"}],"wp:term":[{"taxonomy":"category","embeddable":true,"href":"https:\/\/cronicadesoledad.com\/index.php\/wp-json\/wp\/v2\/categories?post=20905"},{"taxonomy":"post_tag","embeddable":true,"href":"https:\/\/cronicadesoledad.com\/index.php\/wp-json\/wp\/v2\/tags?post=20905"}],"curies":[{"name":"wp","href":"https:\/\/api.w.org\/{rel}","templated":true}]}}