{"id":20925,"date":"2025-07-11T21:21:22","date_gmt":"2025-07-12T03:21:22","guid":{"rendered":"https:\/\/cronicadesoledad.com\/?p=20925"},"modified":"2025-07-11T21:21:22","modified_gmt":"2025-07-12T03:21:22","slug":"apoyos-economicos-esenciales-para-nuestros-hijos-padres-de-familia","status":"publish","type":"post","link":"https:\/\/cronicadesoledad.com\/index.php\/2025\/07\/11\/apoyos-economicos-esenciales-para-nuestros-hijos-padres-de-familia\/","title":{"rendered":"Apoyos econ\u00f3micos, esenciales para nuestros hijos: padres de familia"},"content":{"rendered":"\n<p>Las y los beneficios del programa de Est\u00edmulos a la Educaci\u00f3n del municipio de Soledad de Graciano S\u00e1nchez contin\u00faan siendo motivo de alegr\u00eda y motivaci\u00f3n para las familias soledenses, ya que tras la recientemente entrega de la tercera fase del programa, padres de familia expresaron su agradecimiento al Alcalde Juan Manuel Navarro Mu\u00f1iz y resaltaron c\u00f3mo estos apoyos fortalecen la educaci\u00f3n y el bienestar de sus hijos.<\/p>\n\n\n\n<p>La se\u00f1ora Rebeca Trinidad Amillo Franco, residente de la colonia Hogares Populares Pav\u00f3n, manifest\u00f3 que este apoyo econ\u00f3mico resulta fundamental, especialmente en su situaci\u00f3n como madre soltera. \u201cGracias a esto puedo cubrir los gastos de material escolar y transporte de mi hija\u201d, afirm\u00f3 con gratitud, reconociendo en el Alcalde Navarro Mu\u00f1iz a un aliado que ha acercado soluciones para las familias m\u00e1s necesitadas.<\/p>\n\n\n\n<p>Por otro lado, Gabriel Rangel Blanco, de la colonia Quintas de la Hacienda 3, tambi\u00e9n benefici\u00f3 a su hijo Eduardo Gabriel, estudiante de la escuela San Luis de la Patria. \u201cYa hemos recibido los tres apoyos de esta administraci\u00f3n y los utilizamos principalmente para comprar calzado y vestimenta. Adem\u00e1s, el est\u00edmulo ha motivado a Eduardo a esforzarse en sus estudios y a mantener un buen promedio\u201d, coment\u00f3 orgulloso.<\/p>\n\n\n\n<p>Otra madre beneficiada, Sarah\u00ed, quien cuida a su peque\u00f1a Ana Sof\u00eda en la escuela primaria \u201cLeandro S\u00e1nchez\u201d, destac\u00f3 que estos apoyos son esenciales para su desarrollo escolar. \u201cEstoy tomando clases particulares de ingl\u00e9s y este programa nos ha ayudado a mejorar el rendimiento acad\u00e9mico de mi hija\u201d, coment\u00f3, resaltando la importancia de esta iniciativa en su comunidad.<\/p>\n\n\n\n<p>La tercera entrega del programa &#8220;Est\u00edmulos a la Educaci\u00f3n&#8221; demuestra y reitera el compromiso del Alcalde Juan Manuel Navarro Mu\u00f1iz de seguir apoyando a las familias para impulsar una educaci\u00f3n de calidad y robustecer el crecimiento de la comunidad. Desde su inicio, este programa ha sido clave para fortalecer la econom\u00eda familiar y motivar a los estudiantes a alcanzar sus metas acad\u00e9micas.<\/p>\n","protected":false},"excerpt":{"rendered":"<p>Las y los beneficios del programa de Est\u00edmulos a la Educaci\u00f3n del municipio de Soledad de Graciano S\u00e1nchez contin\u00faan siendo motivo de alegr\u00eda y motivaci\u00f3n para las familias soledenses, ya que tras la recientemente entrega de la tercera fase del programa, padres de familia expresaron su agradecimiento al Alcalde Juan Manuel Navarro Mu\u00f1iz y resaltaron [&hellip;]<\/p>\n","protected":false},"author":2,"featured_media":20926,"comment_status":"open","ping_status":"open","sticky":false,"template":"","format":"standard","meta":{"footnotes":""},"categories":[1,24,21],"tags":[2979,223,1888,294,261,27],"class_list":{"0":"post-20925","1":"post","2":"type-post","3":"status-publish","4":"format-standard","5":"has-post-thumbnail","7":"category-destacadas","8":"category-informacion-general","9":"category-tu-soledad","10":"tag-apoyos-economicos","11":"tag-ayuntamiento-soledense","12":"tag-educacion-2","13":"tag-san-luis","14":"tag-slp","15":"tag-soledad"},"_links":{"self":[{"href":"https:\/\/cronicadesoledad.com\/index.php\/wp-json\/wp\/v2\/posts\/20925","targetHints":{"allow":["GET"]}}],"collection":[{"href":"https:\/\/cronicadesoledad.com\/index.php\/wp-json\/wp\/v2\/posts"}],"about":[{"href":"https:\/\/cronicadesoledad.com\/index.php\/wp-json\/wp\/v2\/types\/post"}],"author":[{"embeddable":true,"href":"https:\/\/cronicadesoledad.com\/index.php\/wp-json\/wp\/v2\/users\/2"}],"replies":[{"embeddable":true,"href":"https:\/\/cronicadesoledad.com\/index.php\/wp-json\/wp\/v2\/comments?post=20925"}],"version-history":[{"count":1,"href":"https:\/\/cronicadesoledad.com\/index.php\/wp-json\/wp\/v2\/posts\/20925\/revisions"}],"predecessor-version":[{"id":20927,"href":"https:\/\/cronicadesoledad.com\/index.php\/wp-json\/wp\/v2\/posts\/20925\/revisions\/20927"}],"wp:featuredmedia":[{"embeddable":true,"href":"https:\/\/cronicadesoledad.com\/index.php\/wp-json\/wp\/v2\/media\/20926"}],"wp:attachment":[{"href":"https:\/\/cronicadesoledad.com\/index.php\/wp-json\/wp\/v2\/media?parent=20925"}],"wp:term":[{"taxonomy":"category","embeddable":true,"href":"https:\/\/cronicadesoledad.com\/index.php\/wp-json\/wp\/v2\/categories?post=20925"},{"taxonomy":"post_tag","embeddable":true,"href":"https:\/\/cronicadesoledad.com\/index.php\/wp-json\/wp\/v2\/tags?post=20925"}],"curies":[{"name":"wp","href":"https:\/\/api.w.org\/{rel}","templated":true}]}}