{"id":20934,"date":"2025-07-13T08:00:00","date_gmt":"2025-07-13T14:00:00","guid":{"rendered":"https:\/\/cronicadesoledad.com\/?p=20934"},"modified":"2025-07-13T01:00:51","modified_gmt":"2025-07-13T07:00:51","slug":"guardia-civil-de-villa-de-pozos-se-capacito-para-atender-a-poblacion-lgbtiq","status":"publish","type":"post","link":"https:\/\/cronicadesoledad.com\/index.php\/2025\/07\/13\/guardia-civil-de-villa-de-pozos-se-capacito-para-atender-a-poblacion-lgbtiq\/","title":{"rendered":"Guardia Civil de Villa de Pozos se capacit\u00f3 para atender a poblaci\u00f3n LGBTIQ+"},"content":{"rendered":"\n<p>El secretario general, Ren\u00e9 Oyarvide Ibarra, explic\u00f3 que, la conferencia de estuvo encaminada a fortalecer conocimientos, habilidades y compromiso del personal de la Guardia Civil para brindar atenci\u00f3n profesional, respetuosa y libre de discriminaci\u00f3n hacia personas LGBTIQ+.<\/p>\n\n\n\n<p>Durante la conferencia, la y los asistentes recibieron informaci\u00f3n detallada sobre los protocolos de atenci\u00f3n y proximidad, as\u00ed como los procedimientos y obligaciones que deben seguir los elementos de la Guardia Civil Municipal que se encuentran en el marco jur\u00eddico de la Constituci\u00f3n Pol\u00edtica de los Estados Unidos Mexicanos, la Ley Federal para Prevenir y Eliminar la Discriminaci\u00f3n y los Protocolos Nacionales y Estatales de Actuaci\u00f3n Policial.<\/p>\n\n\n\n<p>El Gobierno Municipal, reafirm\u00f3 su compromiso con la inclusi\u00f3n, la igualdad y el respeto hacia todas las personas, al impulsar una mayor sensibilizaci\u00f3n y preparaci\u00f3n de los cuerpos de seguridad en el trato con la comunidad LGBTIQI+<\/p>\n","protected":false},"excerpt":{"rendered":"<p>El secretario general, Ren\u00e9 Oyarvide Ibarra, explic\u00f3 que, la conferencia de estuvo encaminada a fortalecer conocimientos, habilidades y compromiso del personal de la Guardia Civil para brindar atenci\u00f3n profesional, respetuosa y libre de discriminaci\u00f3n hacia personas LGBTIQ+. Durante la conferencia, la y los asistentes recibieron informaci\u00f3n detallada sobre los protocolos de atenci\u00f3n y proximidad, as\u00ed [&hellip;]<\/p>\n","protected":false},"author":1,"featured_media":20935,"comment_status":"open","ping_status":"open","sticky":false,"template":"","format":"standard","meta":{"footnotes":""},"categories":[24,3175,19],"tags":[936,294,276,261,1068],"class_list":{"0":"post-20934","1":"post","2":"type-post","3":"status-publish","4":"format-standard","5":"has-post-thumbnail","7":"category-informacion-general","8":"category-pozos","9":"category-seguridad","10":"tag-lgbtiq","11":"tag-san-luis","12":"tag-seguridad","13":"tag-slp","14":"tag-villa-de-pozos"},"_links":{"self":[{"href":"https:\/\/cronicadesoledad.com\/index.php\/wp-json\/wp\/v2\/posts\/20934","targetHints":{"allow":["GET"]}}],"collection":[{"href":"https:\/\/cronicadesoledad.com\/index.php\/wp-json\/wp\/v2\/posts"}],"about":[{"href":"https:\/\/cronicadesoledad.com\/index.php\/wp-json\/wp\/v2\/types\/post"}],"author":[{"embeddable":true,"href":"https:\/\/cronicadesoledad.com\/index.php\/wp-json\/wp\/v2\/users\/1"}],"replies":[{"embeddable":true,"href":"https:\/\/cronicadesoledad.com\/index.php\/wp-json\/wp\/v2\/comments?post=20934"}],"version-history":[{"count":1,"href":"https:\/\/cronicadesoledad.com\/index.php\/wp-json\/wp\/v2\/posts\/20934\/revisions"}],"predecessor-version":[{"id":20936,"href":"https:\/\/cronicadesoledad.com\/index.php\/wp-json\/wp\/v2\/posts\/20934\/revisions\/20936"}],"wp:featuredmedia":[{"embeddable":true,"href":"https:\/\/cronicadesoledad.com\/index.php\/wp-json\/wp\/v2\/media\/20935"}],"wp:attachment":[{"href":"https:\/\/cronicadesoledad.com\/index.php\/wp-json\/wp\/v2\/media?parent=20934"}],"wp:term":[{"taxonomy":"category","embeddable":true,"href":"https:\/\/cronicadesoledad.com\/index.php\/wp-json\/wp\/v2\/categories?post=20934"},{"taxonomy":"post_tag","embeddable":true,"href":"https:\/\/cronicadesoledad.com\/index.php\/wp-json\/wp\/v2\/tags?post=20934"}],"curies":[{"name":"wp","href":"https:\/\/api.w.org\/{rel}","templated":true}]}}