{"id":21016,"date":"2025-07-15T14:31:28","date_gmt":"2025-07-15T20:31:28","guid":{"rendered":"https:\/\/cronicadesoledad.com\/?p=21016"},"modified":"2025-07-15T14:31:29","modified_gmt":"2025-07-15T20:31:29","slug":"villa-de-pozos-mejoro-seguridad-vial-en-bosque-de-las-flores","status":"publish","type":"post","link":"https:\/\/cronicadesoledad.com\/index.php\/2025\/07\/15\/villa-de-pozos-mejoro-seguridad-vial-en-bosque-de-las-flores\/","title":{"rendered":"Villa de Pozos mejor\u00f3 seguridad vial en bosque de las flores"},"content":{"rendered":"\n<p>Como parte de los trabajos complementarios a la rehabilitaci\u00f3n del camino a Santa Rita, el Gobierno Municipal de Villa de Pozos, a trav\u00e9s de la Direcci\u00f3n de Servicios Municipales, llev\u00f3 a cabo labores de limpieza y deshierbe en banquetas y camellones de la Avenida Bosque de Las Flores, con el objetivo generar zonas m\u00e1s seguras para la circulaci\u00f3n tanto de peatones como de automovilistas, mejorando as\u00ed la visibilidad y las condiciones generales de tr\u00e1nsito.<\/p>\n\n\n\n<p>Mediante una cuadrilla de limpieza asignada por la Direcci\u00f3n de Servicios Municipales, se logr\u00f3 recolectar m\u00e1s de tres toneladas de residuos, compuestos en su mayor\u00eda por maleza y ramas acumuladas tras las recientes lluvias, que representaban un riesgo para la seguridad vial, ya que obstaculizaban la visibilidad y dificultaban el paso tanto de peatones como de veh\u00edculos.<\/p>\n\n\n\n<p>El director de la dependencia, Emmanuel Agui\u00f1aga Maldonado, subray\u00f3 la importancia de estas acciones preventivas, que no solo contribuyen a una mejor imagen urbana, sino tambi\u00e9n a reducir riesgos de accidentes. Recalc\u00f3 que mantener limpios los espacios p\u00fablicos es fundamental para el bienestar de los habitantes de Villa de Pozos.<\/p>\n\n\n\n<p>Finalmente, Agui\u00f1aga Maldonado inform\u00f3 que estas labores continuar\u00e1n realiz\u00e1ndose de manera peri\u00f3dica a lo largo de toda la avenida, como parte de un programa de mantenimiento constante que busca garantizar entornos seguros y funcionales para la comunidad.<\/p>\n","protected":false},"excerpt":{"rendered":"<p>Como parte de los trabajos complementarios a la rehabilitaci\u00f3n del camino a Santa Rita, el Gobierno Municipal de Villa de Pozos, a trav\u00e9s de la Direcci\u00f3n de Servicios Municipales, llev\u00f3 a cabo labores de limpieza y deshierbe en banquetas y camellones de la Avenida Bosque de Las Flores, con el objetivo generar zonas m\u00e1s seguras [&hellip;]<\/p>\n","protected":false},"author":1,"featured_media":21019,"comment_status":"open","ping_status":"open","sticky":false,"template":"","format":"standard","meta":{"footnotes":""},"categories":[24,3175,19],"tags":[294,1000,261,1068],"class_list":{"0":"post-21016","1":"post","2":"type-post","3":"status-publish","4":"format-standard","5":"has-post-thumbnail","7":"category-informacion-general","8":"category-pozos","9":"category-seguridad","10":"tag-san-luis","11":"tag-seguridad-vial","12":"tag-slp","13":"tag-villa-de-pozos"},"_links":{"self":[{"href":"https:\/\/cronicadesoledad.com\/index.php\/wp-json\/wp\/v2\/posts\/21016","targetHints":{"allow":["GET"]}}],"collection":[{"href":"https:\/\/cronicadesoledad.com\/index.php\/wp-json\/wp\/v2\/posts"}],"about":[{"href":"https:\/\/cronicadesoledad.com\/index.php\/wp-json\/wp\/v2\/types\/post"}],"author":[{"embeddable":true,"href":"https:\/\/cronicadesoledad.com\/index.php\/wp-json\/wp\/v2\/users\/1"}],"replies":[{"embeddable":true,"href":"https:\/\/cronicadesoledad.com\/index.php\/wp-json\/wp\/v2\/comments?post=21016"}],"version-history":[{"count":1,"href":"https:\/\/cronicadesoledad.com\/index.php\/wp-json\/wp\/v2\/posts\/21016\/revisions"}],"predecessor-version":[{"id":21020,"href":"https:\/\/cronicadesoledad.com\/index.php\/wp-json\/wp\/v2\/posts\/21016\/revisions\/21020"}],"wp:featuredmedia":[{"embeddable":true,"href":"https:\/\/cronicadesoledad.com\/index.php\/wp-json\/wp\/v2\/media\/21019"}],"wp:attachment":[{"href":"https:\/\/cronicadesoledad.com\/index.php\/wp-json\/wp\/v2\/media?parent=21016"}],"wp:term":[{"taxonomy":"category","embeddable":true,"href":"https:\/\/cronicadesoledad.com\/index.php\/wp-json\/wp\/v2\/categories?post=21016"},{"taxonomy":"post_tag","embeddable":true,"href":"https:\/\/cronicadesoledad.com\/index.php\/wp-json\/wp\/v2\/tags?post=21016"}],"curies":[{"name":"wp","href":"https:\/\/api.w.org\/{rel}","templated":true}]}}