{"id":21018,"date":"2025-07-15T16:07:18","date_gmt":"2025-07-15T22:07:18","guid":{"rendered":"https:\/\/cronicadesoledad.com\/?p=21018"},"modified":"2025-07-15T22:05:43","modified_gmt":"2025-07-16T04:05:43","slug":"pvem-instalara-su-nuevo-comite-directivo-estatal-en-san-luis-potosi","status":"publish","type":"post","link":"https:\/\/cronicadesoledad.com\/index.php\/2025\/07\/15\/pvem-instalara-su-nuevo-comite-directivo-estatal-en-san-luis-potosi\/","title":{"rendered":"PVEM instalar\u00e1 su nuevo Comit\u00e9 Directivo Estatal en San Luis Potos\u00ed"},"content":{"rendered":"\n<p>El pr\u00f3ximo viernes 18 de julio, el Partido Verde Ecologista de M\u00e9xico (PVEM) llevar\u00e1 a cabo la instalaci\u00f3n oficial de su Comit\u00e9 Directivo Estatal en la capital potosina.<\/p>\n\n\n\n<p>De acuerdo con informaci\u00f3n difundida por el partido, al evento asistir\u00e1n integrantes de su dirigencia nacional, representantes estatales, legisladores, presidentes municipales y militantes de diversas regiones del estado.<\/p>\n\n\n\n<p>La instalaci\u00f3n del nuevo comit\u00e9 forma parte del proceso de reorganizaci\u00f3n interna del PVEM en San Luis Potos\u00ed, que ha incluido la conformaci\u00f3n de comit\u00e9s municipales en distintas zonas del estado.<\/p>\n\n\n\n<p>El acto se realiza en un contexto de fortalecimiento estructural del partido rumbo a futuros procesos electorales. Seg\u00fan sus propios datos, el PVEM mantiene presencia en la mayor\u00eda de los municipios potosinos y contin\u00faa trabajando en la ampliaci\u00f3n de su estructura territorial.<\/p>\n","protected":false},"excerpt":{"rendered":"<p>El pr\u00f3ximo viernes 18 de julio, el Partido Verde Ecologista de M\u00e9xico (PVEM) llevar\u00e1 a cabo la instalaci\u00f3n oficial de su Comit\u00e9 Directivo Estatal en la capital potosina. De acuerdo con informaci\u00f3n difundida por el partido, al evento asistir\u00e1n integrantes de su dirigencia nacional, representantes estatales, legisladores, presidentes municipales y militantes de diversas regiones del [&hellip;]<\/p>\n","protected":false},"author":1,"featured_media":21027,"comment_status":"open","ping_status":"open","sticky":false,"template":"","format":"standard","meta":{"footnotes":""},"categories":[1,24,3163],"tags":[4641,1506,261],"class_list":{"0":"post-21018","1":"post","2":"type-post","3":"status-publish","4":"format-standard","5":"has-post-thumbnail","7":"category-destacadas","8":"category-informacion-general","9":"category-san-luis-potosi","10":"tag-comite-directivo-estatal","11":"tag-pvem","12":"tag-slp"},"_links":{"self":[{"href":"https:\/\/cronicadesoledad.com\/index.php\/wp-json\/wp\/v2\/posts\/21018","targetHints":{"allow":["GET"]}}],"collection":[{"href":"https:\/\/cronicadesoledad.com\/index.php\/wp-json\/wp\/v2\/posts"}],"about":[{"href":"https:\/\/cronicadesoledad.com\/index.php\/wp-json\/wp\/v2\/types\/post"}],"author":[{"embeddable":true,"href":"https:\/\/cronicadesoledad.com\/index.php\/wp-json\/wp\/v2\/users\/1"}],"replies":[{"embeddable":true,"href":"https:\/\/cronicadesoledad.com\/index.php\/wp-json\/wp\/v2\/comments?post=21018"}],"version-history":[{"count":1,"href":"https:\/\/cronicadesoledad.com\/index.php\/wp-json\/wp\/v2\/posts\/21018\/revisions"}],"predecessor-version":[{"id":21028,"href":"https:\/\/cronicadesoledad.com\/index.php\/wp-json\/wp\/v2\/posts\/21018\/revisions\/21028"}],"wp:featuredmedia":[{"embeddable":true,"href":"https:\/\/cronicadesoledad.com\/index.php\/wp-json\/wp\/v2\/media\/21027"}],"wp:attachment":[{"href":"https:\/\/cronicadesoledad.com\/index.php\/wp-json\/wp\/v2\/media?parent=21018"}],"wp:term":[{"taxonomy":"category","embeddable":true,"href":"https:\/\/cronicadesoledad.com\/index.php\/wp-json\/wp\/v2\/categories?post=21018"},{"taxonomy":"post_tag","embeddable":true,"href":"https:\/\/cronicadesoledad.com\/index.php\/wp-json\/wp\/v2\/tags?post=21018"}],"curies":[{"name":"wp","href":"https:\/\/api.w.org\/{rel}","templated":true}]}}