{"id":21076,"date":"2025-07-17T09:00:00","date_gmt":"2025-07-17T15:00:00","guid":{"rendered":"https:\/\/cronicadesoledad.com\/?p=21076"},"modified":"2025-07-17T03:23:09","modified_gmt":"2025-07-17T09:23:09","slug":"villa-de-pozos-celebro-graduacion-de-ninas-y-ninos-de-educacion-especial","status":"publish","type":"post","link":"https:\/\/cronicadesoledad.com\/index.php\/2025\/07\/17\/villa-de-pozos-celebro-graduacion-de-ninas-y-ninos-de-educacion-especial\/","title":{"rendered":"Villa de Pozos celebr\u00f3 graduaci\u00f3n de ni\u00f1as y ni\u00f1os de educaci\u00f3n especial"},"content":{"rendered":"\n<p>El Gobierno Municipal de Villa de Pozos, encabezado por la Presidenta Concejal Teresa Rivera Acevedo, particip\u00f3 en la ceremonia de graduaci\u00f3n del ciclo escolar 2024-2025 del Centro de Atenci\u00f3n M\u00faltiple \u201cCelest\u00edn Freinet\u201d en un ambiente lleno de sonrisas, aplausos y abrazos se reconoci\u00f3 el logro de ni\u00f1as y ni\u00f1os de preescolar, primaria y secundaria.<\/p>\n\n\n\n<p>La Presidenta Concejal, destac\u00f3 que cada uno de los graduados es \u00fanico y valioso y reconoci\u00f3 su esfuerzo diario, sus avances y aprendizajes y les record\u00f3 que, con amor, fe y voluntad, pueden alcanzar cualquier meta que se propongan, adem\u00e1s, se\u00f1al\u00f3 la importancia de las ense\u00f1anzas que cada uno de ellos le brinda a la sociedad, dese\u00e1ndoles el mayor de los \u00e9xitos en la nueva etapa que iniciar\u00e1n el pr\u00f3ximo ciclo escolar.<\/p>\n\n\n\n<p>Las autoridades escolares, celebraron la constancia de los alumnos y alumnas, as\u00ed como el compromiso incansable de docentes, asimismo, reconocieron el papel fundamental de madres y padres de familia, quienes con fortaleza y dedicaci\u00f3n acompa\u00f1an cada paso de sus hijos, lo que los convierte en un pilar esencial en su proceso educativo.<\/p>\n\n\n\n<p>Las familias presentes agradecieron la asistencia de la Presidenta Concejal y destacaron la importancia de sentirse acompa\u00f1ados por las autoridades municipales en momentos tan significativos y se\u00f1alaron que este respaldo no solo brinda \u00e1nimo, sino que fortalece la confianza en un gobierno que entiende que cada ni\u00f1a y ni\u00f1o merece una educaci\u00f3n digna, sensible y justa.<\/p>\n","protected":false},"excerpt":{"rendered":"<p>El Gobierno Municipal de Villa de Pozos, encabezado por la Presidenta Concejal Teresa Rivera Acevedo, particip\u00f3 en la ceremonia de graduaci\u00f3n del ciclo escolar 2024-2025 del Centro de Atenci\u00f3n M\u00faltiple \u201cCelest\u00edn Freinet\u201d en un ambiente lleno de sonrisas, aplausos y abrazos se reconoci\u00f3 el logro de ni\u00f1as y ni\u00f1os de preescolar, primaria y secundaria. La [&hellip;]<\/p>\n","protected":false},"author":1,"featured_media":21077,"comment_status":"open","ping_status":"open","sticky":false,"template":"","format":"standard","meta":{"footnotes":""},"categories":[3240,24,3175],"tags":[320,294,261,1068],"class_list":{"0":"post-21076","1":"post","2":"type-post","3":"status-publish","4":"format-standard","5":"has-post-thumbnail","7":"category-educacion","8":"category-informacion-general","9":"category-pozos","10":"tag-educacion","11":"tag-san-luis","12":"tag-slp","13":"tag-villa-de-pozos"},"_links":{"self":[{"href":"https:\/\/cronicadesoledad.com\/index.php\/wp-json\/wp\/v2\/posts\/21076","targetHints":{"allow":["GET"]}}],"collection":[{"href":"https:\/\/cronicadesoledad.com\/index.php\/wp-json\/wp\/v2\/posts"}],"about":[{"href":"https:\/\/cronicadesoledad.com\/index.php\/wp-json\/wp\/v2\/types\/post"}],"author":[{"embeddable":true,"href":"https:\/\/cronicadesoledad.com\/index.php\/wp-json\/wp\/v2\/users\/1"}],"replies":[{"embeddable":true,"href":"https:\/\/cronicadesoledad.com\/index.php\/wp-json\/wp\/v2\/comments?post=21076"}],"version-history":[{"count":1,"href":"https:\/\/cronicadesoledad.com\/index.php\/wp-json\/wp\/v2\/posts\/21076\/revisions"}],"predecessor-version":[{"id":21078,"href":"https:\/\/cronicadesoledad.com\/index.php\/wp-json\/wp\/v2\/posts\/21076\/revisions\/21078"}],"wp:featuredmedia":[{"embeddable":true,"href":"https:\/\/cronicadesoledad.com\/index.php\/wp-json\/wp\/v2\/media\/21077"}],"wp:attachment":[{"href":"https:\/\/cronicadesoledad.com\/index.php\/wp-json\/wp\/v2\/media?parent=21076"}],"wp:term":[{"taxonomy":"category","embeddable":true,"href":"https:\/\/cronicadesoledad.com\/index.php\/wp-json\/wp\/v2\/categories?post=21076"},{"taxonomy":"post_tag","embeddable":true,"href":"https:\/\/cronicadesoledad.com\/index.php\/wp-json\/wp\/v2\/tags?post=21076"}],"curies":[{"name":"wp","href":"https:\/\/api.w.org\/{rel}","templated":true}]}}