{"id":21098,"date":"2025-07-21T03:05:00","date_gmt":"2025-07-21T09:05:00","guid":{"rendered":"https:\/\/cronicadesoledad.com\/?p=21098"},"modified":"2025-07-21T01:27:02","modified_gmt":"2025-07-21T07:27:02","slug":"hallan-cuerpo-en-carcamo-de-la-cofradia","status":"publish","type":"post","link":"https:\/\/cronicadesoledad.com\/index.php\/2025\/07\/21\/hallan-cuerpo-en-carcamo-de-la-cofradia\/","title":{"rendered":"Hallan cuerpo en c\u00e1rcamo de La Cofrad\u00eda"},"content":{"rendered":"\n<p>Este jueves por la ma\u00f1ana, autoridades encontraron el cuerpo sin vida de un hombre dentro de un c\u00e1rcamo de aguas residuales en la colonia La Cofrad\u00eda, en el municipio de Soledad de Graciano S\u00e1nchez.<\/p>\n\n\n\n<p>El descubrimiento ocurri\u00f3 cerca de las 09:30 horas tras un reporte recibido por los servicios de emergencia. Personal de Protecci\u00f3n Civil Estatal trabaj\u00f3 en la extracci\u00f3n del cuerpo, ubicado a unos ocho metros de profundidad en la estructura hidr\u00e1ulica.<\/p>\n\n\n\n<p>Agentes de la Polic\u00eda de Investigaci\u00f3n y peritos de la Fiscal\u00eda General del Estado comenzaron las pesquisas para determinar las causas del fallecimiento y la identidad del hombre, informaci\u00f3n que a\u00fan no ha sido establecida. Las autoridades mantienen las investigaciones en curso.<\/p>\n","protected":false},"excerpt":{"rendered":"<p>Este jueves por la ma\u00f1ana, autoridades encontraron el cuerpo sin vida de un hombre dentro de un c\u00e1rcamo de aguas residuales en la colonia La Cofrad\u00eda, en el municipio de Soledad de Graciano S\u00e1nchez. El descubrimiento ocurri\u00f3 cerca de las 09:30 horas tras un reporte recibido por los servicios de emergencia. Personal de Protecci\u00f3n Civil [&hellip;]<\/p>\n","protected":false},"author":2,"featured_media":21099,"comment_status":"open","ping_status":"open","sticky":false,"template":"","format":"standard","meta":{"footnotes":""},"categories":[1,24,21],"tags":[369,2008,4650,294,276,261,27],"class_list":{"0":"post-21098","1":"post","2":"type-post","3":"status-publish","4":"format-standard","5":"has-post-thumbnail","7":"category-destacadas","8":"category-informacion-general","9":"category-tu-soledad","10":"tag-asesinato","11":"tag-cadaver-3","12":"tag-la-cofradia","13":"tag-san-luis","14":"tag-seguridad","15":"tag-slp","16":"tag-soledad"},"_links":{"self":[{"href":"https:\/\/cronicadesoledad.com\/index.php\/wp-json\/wp\/v2\/posts\/21098","targetHints":{"allow":["GET"]}}],"collection":[{"href":"https:\/\/cronicadesoledad.com\/index.php\/wp-json\/wp\/v2\/posts"}],"about":[{"href":"https:\/\/cronicadesoledad.com\/index.php\/wp-json\/wp\/v2\/types\/post"}],"author":[{"embeddable":true,"href":"https:\/\/cronicadesoledad.com\/index.php\/wp-json\/wp\/v2\/users\/2"}],"replies":[{"embeddable":true,"href":"https:\/\/cronicadesoledad.com\/index.php\/wp-json\/wp\/v2\/comments?post=21098"}],"version-history":[{"count":1,"href":"https:\/\/cronicadesoledad.com\/index.php\/wp-json\/wp\/v2\/posts\/21098\/revisions"}],"predecessor-version":[{"id":21114,"href":"https:\/\/cronicadesoledad.com\/index.php\/wp-json\/wp\/v2\/posts\/21098\/revisions\/21114"}],"wp:featuredmedia":[{"embeddable":true,"href":"https:\/\/cronicadesoledad.com\/index.php\/wp-json\/wp\/v2\/media\/21099"}],"wp:attachment":[{"href":"https:\/\/cronicadesoledad.com\/index.php\/wp-json\/wp\/v2\/media?parent=21098"}],"wp:term":[{"taxonomy":"category","embeddable":true,"href":"https:\/\/cronicadesoledad.com\/index.php\/wp-json\/wp\/v2\/categories?post=21098"},{"taxonomy":"post_tag","embeddable":true,"href":"https:\/\/cronicadesoledad.com\/index.php\/wp-json\/wp\/v2\/tags?post=21098"}],"curies":[{"name":"wp","href":"https:\/\/api.w.org\/{rel}","templated":true}]}}