{"id":21192,"date":"2025-07-21T03:07:00","date_gmt":"2025-07-21T09:07:00","guid":{"rendered":"https:\/\/cronicadesoledad.com\/?p=21192"},"modified":"2025-07-21T01:30:21","modified_gmt":"2025-07-21T07:30:21","slug":"fallecio-david-rangel-el-dandy-leyenda-del-periodismo","status":"publish","type":"post","link":"https:\/\/cronicadesoledad.com\/index.php\/2025\/07\/21\/fallecio-david-rangel-el-dandy-leyenda-del-periodismo\/","title":{"rendered":"Falleci\u00f3 David Rangel \u201cEl Dandy\u201d, leyenda del periodismo"},"content":{"rendered":"\n<p>David Rangel Tapia, conocido como \u201cEl Dandy\u201d, falleci\u00f3 el pasado s\u00e1bado por un paro card\u00edaco en San Luis Potos\u00ed, seg\u00fan informaron medios locales. El sensible deceso ocurre tras m\u00e1s de 50 a\u00f1os dedicados al periodismo, dominio que abarc\u00f3 desde reportero y director de El Mundo de SLP hasta analista radial y cultural.<\/p>\n\n\n\n<p>Rangel Tapia tambi\u00e9n destac\u00f3 como Maestro Nacional de Ajedrez, actividad que imparti\u00f3 en escuelas y clubes, as\u00ed como autor literario. Su reciente obra, &#8220;Cr\u00edmenes Famosos en San Luis Potos\u00ed (1950\u20112024)&#8221;, refleja la profundidad de su compromiso por preservar la memoria hist\u00f3rica.<\/p>\n\n\n\n<p>Su columna dominical era esperada por cientos de lectores: en ella combinaba investigaciones locales, historias culturales y una mirada cr\u00edtica de la realidad potosina. Se le reconoc\u00eda por su rigor informativo, integridad profesional y defensa de la libertad de expresi\u00f3n.<\/p>\n\n\n\n<p>Diversas personalidades del gremio period\u00edstico y cultural han lamentado su partida, destacando la huella indeleble que deja en la prensa local. El legado de \u201cEl Dandy\u201d se convierte en referente para nuevas generaciones que encontrar\u00e1n en su obra y trayectoria una inspiraci\u00f3n para el periodismo regional<\/p>\n","protected":false},"excerpt":{"rendered":"<p>David Rangel Tapia, conocido como \u201cEl Dandy\u201d, falleci\u00f3 el pasado s\u00e1bado por un paro card\u00edaco en San Luis Potos\u00ed, seg\u00fan informaron medios locales. El sensible deceso ocurre tras m\u00e1s de 50 a\u00f1os dedicados al periodismo, dominio que abarc\u00f3 desde reportero y director de El Mundo de SLP hasta analista radial y cultural. Rangel Tapia tambi\u00e9n [&hellip;]<\/p>\n","protected":false},"author":2,"featured_media":21193,"comment_status":"open","ping_status":"open","sticky":false,"template":"","format":"standard","meta":{"footnotes":""},"categories":[1,24],"tags":[4660,1735,4389,1736,294,261],"class_list":{"0":"post-21192","1":"post","2":"type-post","3":"status-publish","4":"format-standard","5":"has-post-thumbnail","7":"category-destacadas","8":"category-informacion-general","9":"tag-el-dandy","10":"tag-fallecimiento","11":"tag-periodismo","12":"tag-qepd","13":"tag-san-luis","14":"tag-slp"},"_links":{"self":[{"href":"https:\/\/cronicadesoledad.com\/index.php\/wp-json\/wp\/v2\/posts\/21192","targetHints":{"allow":["GET"]}}],"collection":[{"href":"https:\/\/cronicadesoledad.com\/index.php\/wp-json\/wp\/v2\/posts"}],"about":[{"href":"https:\/\/cronicadesoledad.com\/index.php\/wp-json\/wp\/v2\/types\/post"}],"author":[{"embeddable":true,"href":"https:\/\/cronicadesoledad.com\/index.php\/wp-json\/wp\/v2\/users\/2"}],"replies":[{"embeddable":true,"href":"https:\/\/cronicadesoledad.com\/index.php\/wp-json\/wp\/v2\/comments?post=21192"}],"version-history":[{"count":1,"href":"https:\/\/cronicadesoledad.com\/index.php\/wp-json\/wp\/v2\/posts\/21192\/revisions"}],"predecessor-version":[{"id":21194,"href":"https:\/\/cronicadesoledad.com\/index.php\/wp-json\/wp\/v2\/posts\/21192\/revisions\/21194"}],"wp:featuredmedia":[{"embeddable":true,"href":"https:\/\/cronicadesoledad.com\/index.php\/wp-json\/wp\/v2\/media\/21193"}],"wp:attachment":[{"href":"https:\/\/cronicadesoledad.com\/index.php\/wp-json\/wp\/v2\/media?parent=21192"}],"wp:term":[{"taxonomy":"category","embeddable":true,"href":"https:\/\/cronicadesoledad.com\/index.php\/wp-json\/wp\/v2\/categories?post=21192"},{"taxonomy":"post_tag","embeddable":true,"href":"https:\/\/cronicadesoledad.com\/index.php\/wp-json\/wp\/v2\/tags?post=21192"}],"curies":[{"name":"wp","href":"https:\/\/api.w.org\/{rel}","templated":true}]}}