{"id":21204,"date":"2025-07-21T15:59:05","date_gmt":"2025-07-21T21:59:05","guid":{"rendered":"https:\/\/cronicadesoledad.com\/?p=21204"},"modified":"2025-07-21T15:59:05","modified_gmt":"2025-07-21T21:59:05","slug":"juventud-comprometida-silvana-hernandez-se-suma-al-programa-domingo-de-pilas","status":"publish","type":"post","link":"https:\/\/cronicadesoledad.com\/index.php\/2025\/07\/21\/juventud-comprometida-silvana-hernandez-se-suma-al-programa-domingo-de-pilas\/","title":{"rendered":"Juventud comprometida: Silvana Hern\u00e1ndez se suma al programa Domingo de Pilas"},"content":{"rendered":"\n<p>Silvana Hern\u00e1ndez, estudiante de Psicolog\u00eda y beneficiaria del programa Est\u00edmulos a la Educaci\u00f3n, se uni\u00f3 recientemente al programa <strong>Domingo de Pilas con mi Gobierno<\/strong>, iniciativa impulsada por el Gobierno Municipal para promover la participaci\u00f3n ciudadana en el mejoramiento de los espacios p\u00fablicos.<\/p>\n\n\n\n<p>Durante la jornada n\u00famero 186, celebrada en la colonia Valle del Tecnol\u00f3gico, la joven universitaria particip\u00f3 activamente en labores de limpieza, barrido y recuperaci\u00f3n de \u00e1reas comunes. Su motivaci\u00f3n, dijo, surge del deseo de retribuir a la comunidad el apoyo recibido en su formaci\u00f3n acad\u00e9mica.<\/p>\n\n\n\n<p>\u201cEste programa me brind\u00f3 una oportunidad cuando m\u00e1s lo necesitaba, y ahora quiero corresponder. Me entusiasma saber que, desde mi trinchera, puedo contribuir al bienestar de la ciudad\u201d, comparti\u00f3 Silvana.<\/p>\n\n\n\n<p>Adem\u00e1s de resaltar el impacto ambiental y urbano del programa, la joven enfatiz\u00f3 el valor social y educativo que representa para quienes participan: \u201cEstas actividades nos hacen reflexionar sobre el entorno en el que vivimos y nos motivan a ser mejores personas. Necesitamos m\u00e1s iniciativas que fortalezcan el sentido de comunidad y el amor por San Luis\u201d.<\/p>\n\n\n\n<p>Silvana reconoci\u00f3 la importancia de abrir espacios donde la juventud pueda involucrarse activamente en la transformaci\u00f3n de su entorno, y agradeci\u00f3 al Gobierno de la Capital por fomentar valores como la solidaridad, el compromiso y la conciencia ambiental entre las nuevas generaciones.<\/p>\n","protected":false},"excerpt":{"rendered":"<p>Silvana Hern\u00e1ndez, estudiante de Psicolog\u00eda y beneficiaria del programa Est\u00edmulos a la Educaci\u00f3n, se uni\u00f3 recientemente al programa Domingo de Pilas con mi Gobierno, iniciativa impulsada por el Gobierno Municipal para promover la participaci\u00f3n ciudadana en el mejoramiento de los espacios p\u00fablicos. Durante la jornada n\u00famero 186, celebrada en la colonia Valle del Tecnol\u00f3gico, la [&hellip;]<\/p>\n","protected":false},"author":1,"featured_media":21205,"comment_status":"open","ping_status":"open","sticky":false,"template":"","format":"standard","meta":{"footnotes":""},"categories":[24,3163],"tags":[4661,325,261],"class_list":{"0":"post-21204","1":"post","2":"type-post","3":"status-publish","4":"format-standard","5":"has-post-thumbnail","7":"category-informacion-general","8":"category-san-luis-potosi","9":"tag-domingo-de-pilas","10":"tag-juventud","11":"tag-slp"},"_links":{"self":[{"href":"https:\/\/cronicadesoledad.com\/index.php\/wp-json\/wp\/v2\/posts\/21204","targetHints":{"allow":["GET"]}}],"collection":[{"href":"https:\/\/cronicadesoledad.com\/index.php\/wp-json\/wp\/v2\/posts"}],"about":[{"href":"https:\/\/cronicadesoledad.com\/index.php\/wp-json\/wp\/v2\/types\/post"}],"author":[{"embeddable":true,"href":"https:\/\/cronicadesoledad.com\/index.php\/wp-json\/wp\/v2\/users\/1"}],"replies":[{"embeddable":true,"href":"https:\/\/cronicadesoledad.com\/index.php\/wp-json\/wp\/v2\/comments?post=21204"}],"version-history":[{"count":1,"href":"https:\/\/cronicadesoledad.com\/index.php\/wp-json\/wp\/v2\/posts\/21204\/revisions"}],"predecessor-version":[{"id":21206,"href":"https:\/\/cronicadesoledad.com\/index.php\/wp-json\/wp\/v2\/posts\/21204\/revisions\/21206"}],"wp:featuredmedia":[{"embeddable":true,"href":"https:\/\/cronicadesoledad.com\/index.php\/wp-json\/wp\/v2\/media\/21205"}],"wp:attachment":[{"href":"https:\/\/cronicadesoledad.com\/index.php\/wp-json\/wp\/v2\/media?parent=21204"}],"wp:term":[{"taxonomy":"category","embeddable":true,"href":"https:\/\/cronicadesoledad.com\/index.php\/wp-json\/wp\/v2\/categories?post=21204"},{"taxonomy":"post_tag","embeddable":true,"href":"https:\/\/cronicadesoledad.com\/index.php\/wp-json\/wp\/v2\/tags?post=21204"}],"curies":[{"name":"wp","href":"https:\/\/api.w.org\/{rel}","templated":true}]}}