{"id":21216,"date":"2025-07-21T19:00:00","date_gmt":"2025-07-22T01:00:00","guid":{"rendered":"https:\/\/cronicadesoledad.com\/?p=21216"},"modified":"2025-07-21T16:38:47","modified_gmt":"2025-07-21T22:38:47","slug":"inicia-en-soledad-el-campamento-pequenos-guardianes-con-la-participacion-de-mas-de-100-ninas-y-ninos","status":"publish","type":"post","link":"https:\/\/cronicadesoledad.com\/index.php\/2025\/07\/21\/inicia-en-soledad-el-campamento-pequenos-guardianes-con-la-participacion-de-mas-de-100-ninas-y-ninos\/","title":{"rendered":"Inicia en Soledad el campamento \u201cPeque\u00f1os Guardianes\u201d con la participaci\u00f3n de m\u00e1s de 100 ni\u00f1as y ni\u00f1os"},"content":{"rendered":"\n<p>Con la participaci\u00f3n de m\u00e1s de 100 ni\u00f1as y ni\u00f1os de la colonia La Constancia, la Guardia Civil Municipal de Soledad de Graciano S\u00e1nchez dio inicio al campamento de verano \u201cPeque\u00f1os Guardianes\u201d, una iniciativa enfocada en promover valores, fortalecer el v\u00ednculo entre autoridades y ciudadan\u00eda, y contribuir al desarrollo integral de la ni\u00f1ez en el municipio.<\/p>\n\n\n\n<p>El programa, que se desarrollar\u00e1 del 21 de julio al 22 de agosto, contempla una agenda variada de actividades recreativas, culturales y formativas. Los menores contar\u00e1n con acompa\u00f1amiento de personal capacitado, incluidos oficiales de la Subdirecci\u00f3n de Proximidad Social, param\u00e9dicos y personal especializado en atenci\u00f3n a la ni\u00f1ez.<\/p>\n\n\n\n<p>La ceremonia de inauguraci\u00f3n tuvo lugar en las instalaciones de la Guardia Civil, donde se realizaron honores a la bandera en compa\u00f1\u00eda de las y los elementos municipales. Posteriormente, el Secretario General del Ayuntamiento, Benjam\u00edn P\u00e9rez \u00c1lvarez, ofreci\u00f3 un mensaje de bienvenida en representaci\u00f3n del alcalde Juan Manuel Navarro Mu\u00f1iz, destacando el compromiso del Gobierno Municipal con el bienestar infantil:<br><em>&#8220;Este campamento busca acercar a las y los ni\u00f1os con sus autoridades y brindarles espacios de aprendizaje y diversi\u00f3n, fundamentales para su crecimiento emocional y social&#8221;,<\/em> expres\u00f3.<\/p>\n\n\n\n<p>Durante la jornada inaugural, las y los participantes asistieron a una pl\u00e1tica impartida por la Unidad de Atenci\u00f3n de Violencia Familiar y de G\u00e9nero (UAVI) sobre derechos y responsabilidades de la infancia. M\u00e1s tarde, visitaron el Museo de Ciencias y Artes en la capital potosina como parte de su primera actividad cultural.<\/p>\n\n\n\n<p>El campamento contempla m\u00e1s visitas educativas, convivencias con elementos de la corporaci\u00f3n, funciones de cine, din\u00e1micas de seguridad y actividades dise\u00f1adas para fortalecer la autoestima, la empat\u00eda y el respeto entre los menores.<\/p>\n","protected":false},"excerpt":{"rendered":"<p>Con la participaci\u00f3n de m\u00e1s de 100 ni\u00f1as y ni\u00f1os de la colonia La Constancia, la Guardia Civil Municipal de Soledad de Graciano S\u00e1nchez dio inicio al campamento de verano \u201cPeque\u00f1os Guardianes\u201d, una iniciativa enfocada en promover valores, fortalecer el v\u00ednculo entre autoridades y ciudadan\u00eda, y contribuir al desarrollo integral de la ni\u00f1ez en el [&hellip;]<\/p>\n","protected":false},"author":1,"featured_media":21217,"comment_status":"open","ping_status":"open","sticky":false,"template":"","format":"standard","meta":{"footnotes":""},"categories":[24,21],"tags":[2185,4665,261,27],"class_list":{"0":"post-21216","1":"post","2":"type-post","3":"status-publish","4":"format-standard","5":"has-post-thumbnail","7":"category-informacion-general","8":"category-tu-soledad","9":"tag-campamento","10":"tag-pequenos-guardianes","11":"tag-slp","12":"tag-soledad"},"_links":{"self":[{"href":"https:\/\/cronicadesoledad.com\/index.php\/wp-json\/wp\/v2\/posts\/21216","targetHints":{"allow":["GET"]}}],"collection":[{"href":"https:\/\/cronicadesoledad.com\/index.php\/wp-json\/wp\/v2\/posts"}],"about":[{"href":"https:\/\/cronicadesoledad.com\/index.php\/wp-json\/wp\/v2\/types\/post"}],"author":[{"embeddable":true,"href":"https:\/\/cronicadesoledad.com\/index.php\/wp-json\/wp\/v2\/users\/1"}],"replies":[{"embeddable":true,"href":"https:\/\/cronicadesoledad.com\/index.php\/wp-json\/wp\/v2\/comments?post=21216"}],"version-history":[{"count":1,"href":"https:\/\/cronicadesoledad.com\/index.php\/wp-json\/wp\/v2\/posts\/21216\/revisions"}],"predecessor-version":[{"id":21218,"href":"https:\/\/cronicadesoledad.com\/index.php\/wp-json\/wp\/v2\/posts\/21216\/revisions\/21218"}],"wp:featuredmedia":[{"embeddable":true,"href":"https:\/\/cronicadesoledad.com\/index.php\/wp-json\/wp\/v2\/media\/21217"}],"wp:attachment":[{"href":"https:\/\/cronicadesoledad.com\/index.php\/wp-json\/wp\/v2\/media?parent=21216"}],"wp:term":[{"taxonomy":"category","embeddable":true,"href":"https:\/\/cronicadesoledad.com\/index.php\/wp-json\/wp\/v2\/categories?post=21216"},{"taxonomy":"post_tag","embeddable":true,"href":"https:\/\/cronicadesoledad.com\/index.php\/wp-json\/wp\/v2\/tags?post=21216"}],"curies":[{"name":"wp","href":"https:\/\/api.w.org\/{rel}","templated":true}]}}