{"id":21222,"date":"2025-07-21T21:00:00","date_gmt":"2025-07-22T03:00:00","guid":{"rendered":"https:\/\/cronicadesoledad.com\/?p=21222"},"modified":"2025-07-21T16:51:04","modified_gmt":"2025-07-21T22:51:04","slug":"avanza-rehabilitacion-vial-en-lateral-sur-de-salvador-nava","status":"publish","type":"post","link":"https:\/\/cronicadesoledad.com\/index.php\/2025\/07\/21\/avanza-rehabilitacion-vial-en-lateral-sur-de-salvador-nava\/","title":{"rendered":"Avanza rehabilitaci\u00f3n vial en lateral sur de Salvador Nava"},"content":{"rendered":"\n<p>El Ayuntamiento de San Luis Potos\u00ed contin\u00faa con los trabajos de rehabilitaci\u00f3n integral en la lateral sur de la avenida Salvador Nava Mart\u00ednez, en el tramo que va desde la calle Tata Nacho \u2014frente a la entrada principal del Parque Tangamanga I\u2014 hasta la Glorieta Mariano Jim\u00e9nez, incluyendo la gasa de salida que conecta con los carriles centrales.<\/p>\n\n\n\n<p>La Direcci\u00f3n de Obras P\u00fablicas inform\u00f3 que, debido a estas labores, se mantiene el cierre temporal a la circulaci\u00f3n en la zona, por lo que se exhorta a las personas conductoras a utilizar rutas alternas mientras se concluyen los trabajos.<\/p>\n\n\n\n<p>Actualmente, las acciones se concentran en la instalaci\u00f3n de rejillas pluviales (bocas de tormenta), infraestructura esencial para la captaci\u00f3n de aguas residuales y de lluvia, con el objetivo de prevenir encharcamientos o inundaciones, especialmente durante la actual temporada de precipitaciones.<\/p>\n\n\n\n<p>Esta intervenci\u00f3n forma parte de un proyecto integral de modernizaci\u00f3n urbana, impulsado por el Gobierno Municipal, cuyo prop\u00f3sito es mejorar las condiciones de movilidad, seguridad y funcionalidad en puntos estrat\u00e9gicos de la capital.<\/p>\n\n\n\n<p>La administraci\u00f3n municipal agradeci\u00f3 la comprensi\u00f3n de la ciudadan\u00eda ante las molestias temporales que puedan generar estas obras y asegur\u00f3 que los trabajos se ejecutan con criterios t\u00e9cnicos y visi\u00f3n a largo plazo, priorizando el beneficio colectivo.<\/p>\n\n\n\n<p>Se continuar\u00e1 informando oportunamente sobre el avance del proyecto y cualquier modificaci\u00f3n en la movilidad de la zona afectada.<\/p>\n","protected":false},"excerpt":{"rendered":"<p>El Ayuntamiento de San Luis Potos\u00ed contin\u00faa con los trabajos de rehabilitaci\u00f3n integral en la lateral sur de la avenida Salvador Nava Mart\u00ednez, en el tramo que va desde la calle Tata Nacho \u2014frente a la entrada principal del Parque Tangamanga I\u2014 hasta la Glorieta Mariano Jim\u00e9nez, incluyendo la gasa de salida que conecta con [&hellip;]<\/p>\n","protected":false},"author":1,"featured_media":21223,"comment_status":"open","ping_status":"open","sticky":false,"template":"","format":"standard","meta":{"footnotes":""},"categories":[24,3163],"tags":[2942,1081,261,4667],"class_list":{"0":"post-21222","1":"post","2":"type-post","3":"status-publish","4":"format-standard","5":"has-post-thumbnail","7":"category-informacion-general","8":"category-san-luis-potosi","9":"tag-rehabilitacion-2","10":"tag-salvador-nava","11":"tag-slp","12":"tag-via-lateral"},"_links":{"self":[{"href":"https:\/\/cronicadesoledad.com\/index.php\/wp-json\/wp\/v2\/posts\/21222","targetHints":{"allow":["GET"]}}],"collection":[{"href":"https:\/\/cronicadesoledad.com\/index.php\/wp-json\/wp\/v2\/posts"}],"about":[{"href":"https:\/\/cronicadesoledad.com\/index.php\/wp-json\/wp\/v2\/types\/post"}],"author":[{"embeddable":true,"href":"https:\/\/cronicadesoledad.com\/index.php\/wp-json\/wp\/v2\/users\/1"}],"replies":[{"embeddable":true,"href":"https:\/\/cronicadesoledad.com\/index.php\/wp-json\/wp\/v2\/comments?post=21222"}],"version-history":[{"count":1,"href":"https:\/\/cronicadesoledad.com\/index.php\/wp-json\/wp\/v2\/posts\/21222\/revisions"}],"predecessor-version":[{"id":21224,"href":"https:\/\/cronicadesoledad.com\/index.php\/wp-json\/wp\/v2\/posts\/21222\/revisions\/21224"}],"wp:featuredmedia":[{"embeddable":true,"href":"https:\/\/cronicadesoledad.com\/index.php\/wp-json\/wp\/v2\/media\/21223"}],"wp:attachment":[{"href":"https:\/\/cronicadesoledad.com\/index.php\/wp-json\/wp\/v2\/media?parent=21222"}],"wp:term":[{"taxonomy":"category","embeddable":true,"href":"https:\/\/cronicadesoledad.com\/index.php\/wp-json\/wp\/v2\/categories?post=21222"},{"taxonomy":"post_tag","embeddable":true,"href":"https:\/\/cronicadesoledad.com\/index.php\/wp-json\/wp\/v2\/tags?post=21222"}],"curies":[{"name":"wp","href":"https:\/\/api.w.org\/{rel}","templated":true}]}}