{"id":21232,"date":"2025-07-21T22:01:39","date_gmt":"2025-07-22T04:01:39","guid":{"rendered":"https:\/\/cronicadesoledad.com\/?p=21232"},"modified":"2025-07-21T22:01:39","modified_gmt":"2025-07-22T04:01:39","slug":"mas-de-100-pequenos-inician-actividades-en-el-campamento-pequenos-guardianes-de-la-guardia-civil-municipal","status":"publish","type":"post","link":"https:\/\/cronicadesoledad.com\/index.php\/2025\/07\/21\/mas-de-100-pequenos-inician-actividades-en-el-campamento-pequenos-guardianes-de-la-guardia-civil-municipal\/","title":{"rendered":"M\u00e1s de 100 peque\u00f1os inician actividades en el campamento \u201cPeque\u00f1os Guardianes\u201d de la Guardia\u202fCivil\u202fMunicipal"},"content":{"rendered":"\n<p>La Guardia\u202fCivil\u202fMunicipal de Soledad de\u202fGraciano\u202fS\u00e1nchez puso en marcha el campamento de verano \u201cPeque\u00f1os\u202fGuardianes\u201d, dirigido a ni\u00f1as y ni\u00f1os de 6\u202fa\u202f12\u202fa\u00f1os de la colonia La\u202fConstancia. Del 21\u202fde julio al 22\u202fde agosto, los participantes realizar\u00e1n actividades recreativas, culturales y pl\u00e1ticas de prevenci\u00f3n a cargo de oficiales de la corporaci\u00f3n.<\/p>\n\n\n\n<p>El arranque cont\u00f3 con la presencia del secretario general del Ayuntamiento, Benjam\u00edn\u202fP\u00e9rez\u202f\u00c1lvarez; la titular del DIF Municipal, Mar\u00eda\u202fdel\u202fPilar\u202fCardona\u202fReyna; el director de Fuerzas Municipales, comandante Itzcoatl\u202fUlises\u202fL\u00f3pez\u202fRend\u00f3n; y el titular de Seguridad\u202fVial y Movilidad, comandante \u00c9dgar\u202fHoracio\u202fObreg\u00f3n\u202fCoronado.<\/p>\n\n\n\n<p>Un total de 100 ni\u00f1as y ni\u00f1os participaron en los honores a la bandera y escucharon un mensaje de bienvenida donde se subray\u00f3 la importancia de acercar a la ni\u00f1ez a las autoridades mediante actividades l\u00fadicas y formativas.<\/p>\n\n\n\n<p>Posteriormente, personal de la Unidad de Atenci\u00f3n de Violencia\u202fFamiliar y de G\u00e9nero (UAVI) imparti\u00f3 una pl\u00e1tica sobre derechos y obligaciones de la infancia. La jornada incluy\u00f3 una visita al Museo de Ciencias y Artes en la capital del estado.<\/p>\n\n\n\n<p>El programa contempla m\u00e1s recorridos a museos, funciones de cine y din\u00e1micas sobre seguridad. Las actividades estar\u00e1n supervisadas por personal de la Subdirecci\u00f3n de Proximidad Social, param\u00e9dicos y especialistas de UAVI, con el prop\u00f3sito de promover convivencia, prevenci\u00f3n y desarrollo integral en las y los menores asistentes.<\/p>\n","protected":false},"excerpt":{"rendered":"<p>La Guardia\u202fCivil\u202fMunicipal de Soledad de\u202fGraciano\u202fS\u00e1nchez puso en marcha el campamento de verano \u201cPeque\u00f1os\u202fGuardianes\u201d, dirigido a ni\u00f1as y ni\u00f1os de 6\u202fa\u202f12\u202fa\u00f1os de la colonia La\u202fConstancia. Del 21\u202fde julio al 22\u202fde agosto, los participantes realizar\u00e1n actividades recreativas, culturales y pl\u00e1ticas de prevenci\u00f3n a cargo de oficiales de la corporaci\u00f3n. El arranque cont\u00f3 con la presencia del secretario [&hellip;]<\/p>\n","protected":false},"author":2,"featured_media":21233,"comment_status":"open","ping_status":"open","sticky":false,"template":"","format":"standard","meta":{"footnotes":""},"categories":[1,24,19,21],"tags":[223,2483,4668,294,276,261,27],"class_list":{"0":"post-21232","1":"post","2":"type-post","3":"status-publish","4":"format-standard","5":"has-post-thumbnail","7":"category-destacadas","8":"category-informacion-general","9":"category-seguridad","10":"category-tu-soledad","11":"tag-ayuntamiento-soledense","12":"tag-guardia-civil-municipal","13":"tag-pequenos-guardianes-2","14":"tag-san-luis","15":"tag-seguridad","16":"tag-slp","17":"tag-soledad"},"_links":{"self":[{"href":"https:\/\/cronicadesoledad.com\/index.php\/wp-json\/wp\/v2\/posts\/21232","targetHints":{"allow":["GET"]}}],"collection":[{"href":"https:\/\/cronicadesoledad.com\/index.php\/wp-json\/wp\/v2\/posts"}],"about":[{"href":"https:\/\/cronicadesoledad.com\/index.php\/wp-json\/wp\/v2\/types\/post"}],"author":[{"embeddable":true,"href":"https:\/\/cronicadesoledad.com\/index.php\/wp-json\/wp\/v2\/users\/2"}],"replies":[{"embeddable":true,"href":"https:\/\/cronicadesoledad.com\/index.php\/wp-json\/wp\/v2\/comments?post=21232"}],"version-history":[{"count":1,"href":"https:\/\/cronicadesoledad.com\/index.php\/wp-json\/wp\/v2\/posts\/21232\/revisions"}],"predecessor-version":[{"id":21234,"href":"https:\/\/cronicadesoledad.com\/index.php\/wp-json\/wp\/v2\/posts\/21232\/revisions\/21234"}],"wp:featuredmedia":[{"embeddable":true,"href":"https:\/\/cronicadesoledad.com\/index.php\/wp-json\/wp\/v2\/media\/21233"}],"wp:attachment":[{"href":"https:\/\/cronicadesoledad.com\/index.php\/wp-json\/wp\/v2\/media?parent=21232"}],"wp:term":[{"taxonomy":"category","embeddable":true,"href":"https:\/\/cronicadesoledad.com\/index.php\/wp-json\/wp\/v2\/categories?post=21232"},{"taxonomy":"post_tag","embeddable":true,"href":"https:\/\/cronicadesoledad.com\/index.php\/wp-json\/wp\/v2\/tags?post=21232"}],"curies":[{"name":"wp","href":"https:\/\/api.w.org\/{rel}","templated":true}]}}