{"id":21246,"date":"2025-07-22T20:23:02","date_gmt":"2025-07-23T02:23:02","guid":{"rendered":"https:\/\/cronicadesoledad.com\/?p=21246"},"modified":"2025-07-22T20:23:02","modified_gmt":"2025-07-23T02:23:02","slug":"juan-manuel-navarro-crea-escuela-municipal-de-musica-gratuita-para-ninas-y-ninos-soledenses","status":"publish","type":"post","link":"https:\/\/cronicadesoledad.com\/index.php\/2025\/07\/22\/juan-manuel-navarro-crea-escuela-municipal-de-musica-gratuita-para-ninas-y-ninos-soledenses\/","title":{"rendered":"Juan Manuel Navarro crea Escuela Municipal de M\u00fasica gratuita para ni\u00f1as y ni\u00f1os soledenses"},"content":{"rendered":"\n<p>El alcalde <strong>Juan Manuel Navarro Mu\u00f1iz<\/strong> inaugur\u00f3 la <strong>Escuela Municipal de M\u00fasica<\/strong> de <strong>Soledad de Graciano S\u00e1nchez<\/strong>, dirigida a ni\u00f1as, ni\u00f1os y adolescentes de <strong>8 a 15 a\u00f1os<\/strong>. El espacio funcionar\u00e1 en el <strong>Teatro y Centro Cultural de Soledad<\/strong>, en la colonia <strong>Rancho Blanco<\/strong>, con inscripci\u00f3n y clases sin costo.<\/p>\n\n\n\n<p>\u201c<strong>Hoy es un sue\u00f1o hecho realidad<\/strong>; es un compromiso que anunciamos al inicio de la administraci\u00f3n\u201d, expres\u00f3 <strong>Navarro Mu\u00f1iz<\/strong>, quien invit\u00f3 a madres y padres a acercar a sus hijas e hijos \u201ccon inter\u00e9s en la m\u00fasica\u201d para que elijan el instrumento de su preferencia.<\/p>\n\n\n\n<p>La oferta incluye instrucci\u00f3n en <strong>clarinete<\/strong>, <strong>piano<\/strong>, <strong>guitarra ac\u00fastica<\/strong>, <strong>guitarra el\u00e9ctrica<\/strong>, <strong>saxof\u00f3n<\/strong> y <strong>viol\u00edn<\/strong>. Seg\u00fan el alcalde, el proyecto busca integrar una <strong>orquesta infantil municipal<\/strong> y detonar programas art\u00edsticos y culturales adicionales.<\/p>\n\n\n\n<p>El director de la escuela, <strong>Sergio Tenorio Castillo<\/strong>, se\u00f1al\u00f3 que el plantel \u201ces una oportunidad para ni\u00f1as y ni\u00f1os que desean desarrollarse musicalmente\u201d y adelant\u00f3 que, tras la primera etapa, se prev\u00e9 abrir grupos para <strong>personas adultas<\/strong>.<\/p>\n\n\n\n<p>Las inscripciones se realizan esta semana, de <strong>09:00 a 14:00 horas<\/strong>, en las oficinas del propio recinto. La administraci\u00f3n local inform\u00f3 que el requisito principal es el inter\u00e9s por aprender un instrumento y participar en procesos formativos continuos.<\/p>\n","protected":false},"excerpt":{"rendered":"<p>El alcalde Juan Manuel Navarro Mu\u00f1iz inaugur\u00f3 la Escuela Municipal de M\u00fasica de Soledad de Graciano S\u00e1nchez, dirigida a ni\u00f1as, ni\u00f1os y adolescentes de 8 a 15 a\u00f1os. El espacio funcionar\u00e1 en el Teatro y Centro Cultural de Soledad, en la colonia Rancho Blanco, con inscripci\u00f3n y clases sin costo. \u201cHoy es un sue\u00f1o hecho [&hellip;]<\/p>\n","protected":false},"author":2,"featured_media":21247,"comment_status":"open","ping_status":"open","sticky":false,"template":"","format":"standard","meta":{"footnotes":""},"categories":[1,24,21],"tags":[223,1967,3039,294,261,27],"class_list":{"0":"post-21246","1":"post","2":"type-post","3":"status-publish","4":"format-standard","5":"has-post-thumbnail","7":"category-destacadas","8":"category-informacion-general","9":"category-tu-soledad","10":"tag-ayuntamiento-soledense","11":"tag-juan-manuel-navarro","12":"tag-musica-3","13":"tag-san-luis","14":"tag-slp","15":"tag-soledad"},"_links":{"self":[{"href":"https:\/\/cronicadesoledad.com\/index.php\/wp-json\/wp\/v2\/posts\/21246","targetHints":{"allow":["GET"]}}],"collection":[{"href":"https:\/\/cronicadesoledad.com\/index.php\/wp-json\/wp\/v2\/posts"}],"about":[{"href":"https:\/\/cronicadesoledad.com\/index.php\/wp-json\/wp\/v2\/types\/post"}],"author":[{"embeddable":true,"href":"https:\/\/cronicadesoledad.com\/index.php\/wp-json\/wp\/v2\/users\/2"}],"replies":[{"embeddable":true,"href":"https:\/\/cronicadesoledad.com\/index.php\/wp-json\/wp\/v2\/comments?post=21246"}],"version-history":[{"count":1,"href":"https:\/\/cronicadesoledad.com\/index.php\/wp-json\/wp\/v2\/posts\/21246\/revisions"}],"predecessor-version":[{"id":21248,"href":"https:\/\/cronicadesoledad.com\/index.php\/wp-json\/wp\/v2\/posts\/21246\/revisions\/21248"}],"wp:featuredmedia":[{"embeddable":true,"href":"https:\/\/cronicadesoledad.com\/index.php\/wp-json\/wp\/v2\/media\/21247"}],"wp:attachment":[{"href":"https:\/\/cronicadesoledad.com\/index.php\/wp-json\/wp\/v2\/media?parent=21246"}],"wp:term":[{"taxonomy":"category","embeddable":true,"href":"https:\/\/cronicadesoledad.com\/index.php\/wp-json\/wp\/v2\/categories?post=21246"},{"taxonomy":"post_tag","embeddable":true,"href":"https:\/\/cronicadesoledad.com\/index.php\/wp-json\/wp\/v2\/tags?post=21246"}],"curies":[{"name":"wp","href":"https:\/\/api.w.org\/{rel}","templated":true}]}}