{"id":21255,"date":"2025-07-23T07:00:00","date_gmt":"2025-07-23T13:00:00","guid":{"rendered":"https:\/\/cronicadesoledad.com\/?p=21255"},"modified":"2025-07-23T01:41:01","modified_gmt":"2025-07-23T07:41:01","slug":"ninas-y-ninos-disfrutan-campamentos-en-villa-de-pozos","status":"publish","type":"post","link":"https:\/\/cronicadesoledad.com\/index.php\/2025\/07\/23\/ninas-y-ninos-disfrutan-campamentos-en-villa-de-pozos\/","title":{"rendered":"Ni\u00f1as y ni\u00f1os disfrutan campamentos en Villa de Pozos"},"content":{"rendered":"\n<p>M\u00e1s de cien ni\u00f1as y ni\u00f1os participaron en los Campamentos de Verano organizados por el Gobierno Municipal de Villa de Pozos, los cuales fueron inaugurados este lunes en tres sedes: la Biblioteca Municipal \u201cDr. Francisco de As\u00eds Castro\u201d, el Deportivo Las Cruces y el \u00e1rea recreativa La Libertad, en los que participaron ni\u00f1os de 6 a 12 a\u00f1os de edad.<\/p>\n\n\n\n<p>La Presidenta Concejal Teresa Rivera Acevedo destac\u00f3 que estas actividades representan una oportunidad para que ni\u00f1as y ni\u00f1os descubran sus talentos, se acerquen a la ciencia, al deporte y fortalezcan su gusto por la lectura. Asimismo, subray\u00f3 que, gracias al respaldo del Gobierno del Estado, la biblioteca municipal cuenta con el material, equipamiento y espacios adecuados para llevar a cabo las actividades de manera segura, enriquecedora y con enfoque formativo.<\/p>\n\n\n\n<p>Durante los campamentos, las y los participantes podr\u00e1n disfrutar de una amplia variedad de actividades deportivas, culturales y recreativas, tales como la elaboraci\u00f3n de macetas, din\u00e1micas contra la discriminaci\u00f3n, f\u00fatbol, creaci\u00f3n de pulseras y collares, dibujo, pintura, lectura y comprensi\u00f3n, juegos psicomotrices, funciones de cine, entre muchas otras. Todas estas actividades est\u00e1n dise\u00f1adas para estimular el aprendizaje, la creatividad y el desarrollo emocional y f\u00edsico de los menores.<\/p>\n\n\n\n<p>Finalmente, la Presidenta Concejal reconoci\u00f3 el trabajo coordinado de las direcciones de Deportes, Educaci\u00f3n y del Sistema Municipal DIF, cuya participaci\u00f3n ha sido clave en la planeaci\u00f3n y ejecuci\u00f3n de los campamentos que no solo hacen m\u00e1s significativo y divertido el verano, sino que tambi\u00e9n fomentan valores como la convivencia, el respeto, la inclusi\u00f3n y el trabajo en equipo, al tiempo que fortalecen el tejido social y promueven el bienestar de la ni\u00f1ez poce\u00f1a.<\/p>\n","protected":false},"excerpt":{"rendered":"<p>M\u00e1s de cien ni\u00f1as y ni\u00f1os participaron en los Campamentos de Verano organizados por el Gobierno Municipal de Villa de Pozos, los cuales fueron inaugurados este lunes en tres sedes: la Biblioteca Municipal \u201cDr. Francisco de As\u00eds Castro\u201d, el Deportivo Las Cruces y el \u00e1rea recreativa La Libertad, en los que participaron ni\u00f1os de 6 [&hellip;]<\/p>\n","protected":false},"author":1,"featured_media":21256,"comment_status":"open","ping_status":"open","sticky":false,"template":"","format":"standard","meta":{"footnotes":""},"categories":[24,3175],"tags":[2187,294,261,1068],"class_list":{"0":"post-21255","1":"post","2":"type-post","3":"status-publish","4":"format-standard","5":"has-post-thumbnail","7":"category-informacion-general","8":"category-pozos","9":"tag-campamento-de-verano","10":"tag-san-luis","11":"tag-slp","12":"tag-villa-de-pozos"},"_links":{"self":[{"href":"https:\/\/cronicadesoledad.com\/index.php\/wp-json\/wp\/v2\/posts\/21255","targetHints":{"allow":["GET"]}}],"collection":[{"href":"https:\/\/cronicadesoledad.com\/index.php\/wp-json\/wp\/v2\/posts"}],"about":[{"href":"https:\/\/cronicadesoledad.com\/index.php\/wp-json\/wp\/v2\/types\/post"}],"author":[{"embeddable":true,"href":"https:\/\/cronicadesoledad.com\/index.php\/wp-json\/wp\/v2\/users\/1"}],"replies":[{"embeddable":true,"href":"https:\/\/cronicadesoledad.com\/index.php\/wp-json\/wp\/v2\/comments?post=21255"}],"version-history":[{"count":1,"href":"https:\/\/cronicadesoledad.com\/index.php\/wp-json\/wp\/v2\/posts\/21255\/revisions"}],"predecessor-version":[{"id":21257,"href":"https:\/\/cronicadesoledad.com\/index.php\/wp-json\/wp\/v2\/posts\/21255\/revisions\/21257"}],"wp:featuredmedia":[{"embeddable":true,"href":"https:\/\/cronicadesoledad.com\/index.php\/wp-json\/wp\/v2\/media\/21256"}],"wp:attachment":[{"href":"https:\/\/cronicadesoledad.com\/index.php\/wp-json\/wp\/v2\/media?parent=21255"}],"wp:term":[{"taxonomy":"category","embeddable":true,"href":"https:\/\/cronicadesoledad.com\/index.php\/wp-json\/wp\/v2\/categories?post=21255"},{"taxonomy":"post_tag","embeddable":true,"href":"https:\/\/cronicadesoledad.com\/index.php\/wp-json\/wp\/v2\/tags?post=21255"}],"curies":[{"name":"wp","href":"https:\/\/api.w.org\/{rel}","templated":true}]}}