{"id":21282,"date":"2025-07-23T21:00:00","date_gmt":"2025-07-24T03:00:00","guid":{"rendered":"https:\/\/cronicadesoledad.com\/?p=21282"},"modified":"2025-07-23T19:28:40","modified_gmt":"2025-07-24T01:28:40","slug":"san-luis-potosi-segundo-lugar-nacional-en-aumento-de-horas-trabajadas-en-sector-immex","status":"publish","type":"post","link":"https:\/\/cronicadesoledad.com\/index.php\/2025\/07\/23\/san-luis-potosi-segundo-lugar-nacional-en-aumento-de-horas-trabajadas-en-sector-immex\/","title":{"rendered":"San Luis Potos\u00ed, segundo lugar nacional en aumento de horas trabajadas en sector IMMEX"},"content":{"rendered":"\n<p>San Luis Potos\u00ed registr\u00f3 el segundo mayor incremento anual en el n\u00famero de horas trabajadas dentro de empresas manufactureras y no manufactureras adscritas al Programa de la Industria Manufacturera, Maquiladora y de Servicios de Exportaci\u00f3n (IMMEX), de acuerdo con datos del Instituto Nacional de Estad\u00edstica y Geograf\u00eda (INEGI).<\/p>\n\n\n\n<p>Entre mayo de 2024 y mayo de 2025, el estado report\u00f3 un aumento del 7.1% en las horas trabajadas, superado solo por la Ciudad de M\u00e9xico, que lider\u00f3 con un incremento del 30.1%. En contraste, la variaci\u00f3n nacional fue negativa, con una disminuci\u00f3n del -1.7%.<\/p>\n\n\n\n<p>El incremento corresponde principalmente a horas extra, lo que refleja una mayor demanda de productividad en las empresas y, al mismo tiempo, representa una oportunidad para que los trabajadores eleven sus ingresos mediante tiempo adicional laborado.<\/p>\n\n\n\n<p>La informaci\u00f3n forma parte del seguimiento estad\u00edstico del programa IMMEX, cuyo prop\u00f3sito es ofrecer indicadores econ\u00f3micos de corto plazo sobre el comportamiento del sector exportador, para facilitar el an\u00e1lisis de su evoluci\u00f3n y din\u00e1mica en el mercado laboral.<\/p>\n","protected":false},"excerpt":{"rendered":"<p>San Luis Potos\u00ed registr\u00f3 el segundo mayor incremento anual en el n\u00famero de horas trabajadas dentro de empresas manufactureras y no manufactureras adscritas al Programa de la Industria Manufacturera, Maquiladora y de Servicios de Exportaci\u00f3n (IMMEX), de acuerdo con datos del Instituto Nacional de Estad\u00edstica y Geograf\u00eda (INEGI). Entre mayo de 2024 y mayo de [&hellip;]<\/p>\n","protected":false},"author":1,"featured_media":21283,"comment_status":"open","ping_status":"open","sticky":false,"template":"","format":"standard","meta":{"footnotes":""},"categories":[1,24,3163],"tags":[2447,4676,1690,4677,4674,261],"class_list":{"0":"post-21282","1":"post","2":"type-post","3":"status-publish","4":"format-standard","5":"has-post-thumbnail","7":"category-destacadas","8":"category-informacion-general","9":"category-san-luis-potosi","10":"tag-aumento","11":"tag-horas-trabajadas","12":"tag-inegi","13":"tag-inmex","14":"tag-segundo-lugar","15":"tag-slp"},"_links":{"self":[{"href":"https:\/\/cronicadesoledad.com\/index.php\/wp-json\/wp\/v2\/posts\/21282","targetHints":{"allow":["GET"]}}],"collection":[{"href":"https:\/\/cronicadesoledad.com\/index.php\/wp-json\/wp\/v2\/posts"}],"about":[{"href":"https:\/\/cronicadesoledad.com\/index.php\/wp-json\/wp\/v2\/types\/post"}],"author":[{"embeddable":true,"href":"https:\/\/cronicadesoledad.com\/index.php\/wp-json\/wp\/v2\/users\/1"}],"replies":[{"embeddable":true,"href":"https:\/\/cronicadesoledad.com\/index.php\/wp-json\/wp\/v2\/comments?post=21282"}],"version-history":[{"count":1,"href":"https:\/\/cronicadesoledad.com\/index.php\/wp-json\/wp\/v2\/posts\/21282\/revisions"}],"predecessor-version":[{"id":21284,"href":"https:\/\/cronicadesoledad.com\/index.php\/wp-json\/wp\/v2\/posts\/21282\/revisions\/21284"}],"wp:featuredmedia":[{"embeddable":true,"href":"https:\/\/cronicadesoledad.com\/index.php\/wp-json\/wp\/v2\/media\/21283"}],"wp:attachment":[{"href":"https:\/\/cronicadesoledad.com\/index.php\/wp-json\/wp\/v2\/media?parent=21282"}],"wp:term":[{"taxonomy":"category","embeddable":true,"href":"https:\/\/cronicadesoledad.com\/index.php\/wp-json\/wp\/v2\/categories?post=21282"},{"taxonomy":"post_tag","embeddable":true,"href":"https:\/\/cronicadesoledad.com\/index.php\/wp-json\/wp\/v2\/tags?post=21282"}],"curies":[{"name":"wp","href":"https:\/\/api.w.org\/{rel}","templated":true}]}}