{"id":21293,"date":"2025-07-23T19:54:40","date_gmt":"2025-07-24T01:54:40","guid":{"rendered":"https:\/\/cronicadesoledad.com\/?p=21293"},"modified":"2025-07-23T19:54:41","modified_gmt":"2025-07-24T01:54:41","slug":"continua-el-rescate-de-espacios-publicos-en-soledad-con-limpieza-integral-mensual","status":"publish","type":"post","link":"https:\/\/cronicadesoledad.com\/index.php\/2025\/07\/23\/continua-el-rescate-de-espacios-publicos-en-soledad-con-limpieza-integral-mensual\/","title":{"rendered":"Contin\u00faa el rescate de espacios p\u00fablicos en Soledad con limpieza integral mensual"},"content":{"rendered":"\n<p>El Ayuntamiento de <strong>Soledad de Graciano S\u00e1nchez<\/strong>, mediante la <strong>Direcci\u00f3n de Servicios Municipales<\/strong>, intensific\u00f3 la <strong>limpieza y rehabilitaci\u00f3n<\/strong> de <strong>plazas comunitarias y jardines<\/strong> para ofrecer espacios dignos y seguros.<\/p>\n\n\n\n<p>El director <strong>Antonio Zamarripa Quintero<\/strong> indic\u00f3 que, desde el inicio de la administraci\u00f3n, estas acciones son prioridad. Recientemente se atendieron la <strong>Plaza Plutarco El\u00edas Calles<\/strong> (col. San Antonio), la <strong>Plaza 21 de Marzo<\/strong>, la <strong>Plaza Principal<\/strong> y la <strong>Plaza Graciano S\u00e1nchez<\/strong>.<\/p>\n\n\n\n<p>Las labores mensuales de <strong>Imagen Urbana<\/strong>, <strong>Aseo P\u00fablico<\/strong> y <strong>Parques y Jardines<\/strong> incluyen <strong>deshierbe<\/strong>, <strong>poda de \u00e1rboles<\/strong>, <strong>recolecci\u00f3n de maleza<\/strong> y <strong>lavado de plazas<\/strong>. Las jornadas continuar\u00e1n de forma permanente para asegurar espacios <strong>seguros y funcionales<\/strong> para la convivencia familiar.<\/p>\n","protected":false},"excerpt":{"rendered":"<p>El Ayuntamiento de Soledad de Graciano S\u00e1nchez, mediante la Direcci\u00f3n de Servicios Municipales, intensific\u00f3 la limpieza y rehabilitaci\u00f3n de plazas comunitarias y jardines para ofrecer espacios dignos y seguros. El director Antonio Zamarripa Quintero indic\u00f3 que, desde el inicio de la administraci\u00f3n, estas acciones son prioridad. Recientemente se atendieron la Plaza Plutarco El\u00edas Calles (col. [&hellip;]<\/p>\n","protected":false},"author":2,"featured_media":21294,"comment_status":"open","ping_status":"open","sticky":false,"template":"","format":"standard","meta":{"footnotes":""},"categories":[1,24,21],"tags":[223,2508,581,294,261,27],"class_list":{"0":"post-21293","1":"post","2":"type-post","3":"status-publish","4":"format-standard","5":"has-post-thumbnail","7":"category-destacadas","8":"category-informacion-general","9":"category-tu-soledad","10":"tag-ayuntamiento-soledense","11":"tag-espacios-publicos-2","12":"tag-limpieza","13":"tag-san-luis","14":"tag-slp","15":"tag-soledad"},"_links":{"self":[{"href":"https:\/\/cronicadesoledad.com\/index.php\/wp-json\/wp\/v2\/posts\/21293","targetHints":{"allow":["GET"]}}],"collection":[{"href":"https:\/\/cronicadesoledad.com\/index.php\/wp-json\/wp\/v2\/posts"}],"about":[{"href":"https:\/\/cronicadesoledad.com\/index.php\/wp-json\/wp\/v2\/types\/post"}],"author":[{"embeddable":true,"href":"https:\/\/cronicadesoledad.com\/index.php\/wp-json\/wp\/v2\/users\/2"}],"replies":[{"embeddable":true,"href":"https:\/\/cronicadesoledad.com\/index.php\/wp-json\/wp\/v2\/comments?post=21293"}],"version-history":[{"count":1,"href":"https:\/\/cronicadesoledad.com\/index.php\/wp-json\/wp\/v2\/posts\/21293\/revisions"}],"predecessor-version":[{"id":21295,"href":"https:\/\/cronicadesoledad.com\/index.php\/wp-json\/wp\/v2\/posts\/21293\/revisions\/21295"}],"wp:featuredmedia":[{"embeddable":true,"href":"https:\/\/cronicadesoledad.com\/index.php\/wp-json\/wp\/v2\/media\/21294"}],"wp:attachment":[{"href":"https:\/\/cronicadesoledad.com\/index.php\/wp-json\/wp\/v2\/media?parent=21293"}],"wp:term":[{"taxonomy":"category","embeddable":true,"href":"https:\/\/cronicadesoledad.com\/index.php\/wp-json\/wp\/v2\/categories?post=21293"},{"taxonomy":"post_tag","embeddable":true,"href":"https:\/\/cronicadesoledad.com\/index.php\/wp-json\/wp\/v2\/tags?post=21293"}],"curies":[{"name":"wp","href":"https:\/\/api.w.org\/{rel}","templated":true}]}}