{"id":21331,"date":"2025-07-24T19:00:00","date_gmt":"2025-07-25T01:00:00","guid":{"rendered":"https:\/\/cronicadesoledad.com\/?p=21331"},"modified":"2025-07-24T18:47:43","modified_gmt":"2025-07-25T00:47:43","slug":"iniciara-rescate-de-inmueble-abandonado-en-avenida-carranza","status":"publish","type":"post","link":"https:\/\/cronicadesoledad.com\/index.php\/2025\/07\/24\/iniciara-rescate-de-inmueble-abandonado-en-avenida-carranza\/","title":{"rendered":"Iniciar\u00e1 rescate de inmueble abandonado en avenida Carranza"},"content":{"rendered":"\n<p>El pr\u00f3ximo lunes comenzar\u00e1n las labores de intervenci\u00f3n en un inmueble ubicado entre la calle Tres Guerras y la avenida Venustiano Carranza, conocido como la \u201ccasona abandonada\u201d, inform\u00f3 el Ayuntamiento de la capital potosina.<\/p>\n\n\n\n<p>El alcalde Enrique Galindo Ceballos se\u00f1al\u00f3 que la propiedad, que anteriormente fue sede de la Secretar\u00eda de Ecolog\u00eda y Gesti\u00f3n Ambiental (SEGAM), ser\u00e1 incorporada al proyecto de regeneraci\u00f3n integral de la avenida. Indic\u00f3 que, tras dos a\u00f1os de gestiones con el propietario del predio, se obtuvo la autorizaci\u00f3n para intervenir el sitio.<\/p>\n\n\n\n<p>La intervenci\u00f3n incluir\u00e1 limpieza, rescate de cantera y trabajos de pintura. De acuerdo con el Ayuntamiento, el objetivo es recuperar el inmueble y eliminar un punto que ha sido identificado como foco de riesgo sanitario y de seguridad en la zona.<\/p>\n\n\n\n<p>El municipio aclar\u00f3 que no fue posible actuar antes debido a que se trata de un bien privado, pero con el consentimiento del due\u00f1o, los trabajos comenzar\u00e1n a partir de la pr\u00f3xima semana.<\/p>\n","protected":false},"excerpt":{"rendered":"<p>El pr\u00f3ximo lunes comenzar\u00e1n las labores de intervenci\u00f3n en un inmueble ubicado entre la calle Tres Guerras y la avenida Venustiano Carranza, conocido como la \u201ccasona abandonada\u201d, inform\u00f3 el Ayuntamiento de la capital potosina. El alcalde Enrique Galindo Ceballos se\u00f1al\u00f3 que la propiedad, que anteriormente fue sede de la Secretar\u00eda de Ecolog\u00eda y Gesti\u00f3n Ambiental [&hellip;]<\/p>\n","protected":false},"author":1,"featured_media":21332,"comment_status":"open","ping_status":"open","sticky":false,"template":"","format":"standard","meta":{"footnotes":""},"categories":[24,3163],"tags":[4685,4684,2502,261],"class_list":{"0":"post-21331","1":"post","2":"type-post","3":"status-publish","4":"format-standard","5":"has-post-thumbnail","7":"category-informacion-general","8":"category-san-luis-potosi","9":"tag-av-carranza","10":"tag-casa-abandonada","11":"tag-enrique-galindo-ceballos","12":"tag-slp"},"_links":{"self":[{"href":"https:\/\/cronicadesoledad.com\/index.php\/wp-json\/wp\/v2\/posts\/21331","targetHints":{"allow":["GET"]}}],"collection":[{"href":"https:\/\/cronicadesoledad.com\/index.php\/wp-json\/wp\/v2\/posts"}],"about":[{"href":"https:\/\/cronicadesoledad.com\/index.php\/wp-json\/wp\/v2\/types\/post"}],"author":[{"embeddable":true,"href":"https:\/\/cronicadesoledad.com\/index.php\/wp-json\/wp\/v2\/users\/1"}],"replies":[{"embeddable":true,"href":"https:\/\/cronicadesoledad.com\/index.php\/wp-json\/wp\/v2\/comments?post=21331"}],"version-history":[{"count":1,"href":"https:\/\/cronicadesoledad.com\/index.php\/wp-json\/wp\/v2\/posts\/21331\/revisions"}],"predecessor-version":[{"id":21333,"href":"https:\/\/cronicadesoledad.com\/index.php\/wp-json\/wp\/v2\/posts\/21331\/revisions\/21333"}],"wp:featuredmedia":[{"embeddable":true,"href":"https:\/\/cronicadesoledad.com\/index.php\/wp-json\/wp\/v2\/media\/21332"}],"wp:attachment":[{"href":"https:\/\/cronicadesoledad.com\/index.php\/wp-json\/wp\/v2\/media?parent=21331"}],"wp:term":[{"taxonomy":"category","embeddable":true,"href":"https:\/\/cronicadesoledad.com\/index.php\/wp-json\/wp\/v2\/categories?post=21331"},{"taxonomy":"post_tag","embeddable":true,"href":"https:\/\/cronicadesoledad.com\/index.php\/wp-json\/wp\/v2\/tags?post=21331"}],"curies":[{"name":"wp","href":"https:\/\/api.w.org\/{rel}","templated":true}]}}