{"id":21343,"date":"2025-07-24T21:00:00","date_gmt":"2025-07-25T03:00:00","guid":{"rendered":"https:\/\/cronicadesoledad.com\/?p=21343"},"modified":"2025-07-24T19:12:26","modified_gmt":"2025-07-25T01:12:26","slug":"capacitan-a-personal-del-dif-soledad-en-primeros-auxilios-para-campamento-de-verano","status":"publish","type":"post","link":"https:\/\/cronicadesoledad.com\/index.php\/2025\/07\/24\/capacitan-a-personal-del-dif-soledad-en-primeros-auxilios-para-campamento-de-verano\/","title":{"rendered":"Capacitan a personal del DIF Soledad en primeros auxilios para campamento de verano"},"content":{"rendered":"\n<p>Personal del Sistema Municipal DIF de Soledad de Graciano S\u00e1nchez recibi\u00f3 capacitaci\u00f3n en primeros auxilios por parte del \u00e1rea de param\u00e9dicos de Protecci\u00f3n Civil, como parte de los preparativos para el inicio del campamento de verano infantil.<\/p>\n\n\n\n<p>La capacitaci\u00f3n tuvo como objetivo brindar herramientas al personal encargado de las actividades recreativas, con el fin de actuar de manera adecuada ante posibles emergencias durante el desarrollo del campamento.<\/p>\n\n\n\n<p>El titular de Protecci\u00f3n Civil municipal, Mart\u00edn Bravo Galicia, inform\u00f3 que durante la jornada se impartieron t\u00e9cnicas b\u00e1sicas de atenci\u00f3n inmediata, entre ellas reanimaci\u00f3n cardiopulmonar (RCP), control de hemorragias, atenci\u00f3n de fracturas y manejo de quemaduras.<\/p>\n\n\n\n<p>El curso se llev\u00f3 a cabo en las instalaciones del DIF municipal y forma parte de un esfuerzo coordinado entre distintas \u00e1reas del Ayuntamiento para reforzar medidas de seguridad en espacios dedicados a la atenci\u00f3n de ni\u00f1as y ni\u00f1os durante el periodo vacacional.<\/p>\n\n\n\n<p>Se prev\u00e9 que estas capacitaciones tambi\u00e9n se extiendan a otros campamentos organizados en el municipio.<\/p>\n","protected":false},"excerpt":{"rendered":"<p>Personal del Sistema Municipal DIF de Soledad de Graciano S\u00e1nchez recibi\u00f3 capacitaci\u00f3n en primeros auxilios por parte del \u00e1rea de param\u00e9dicos de Protecci\u00f3n Civil, como parte de los preparativos para el inicio del campamento de verano infantil. La capacitaci\u00f3n tuvo como objetivo brindar herramientas al personal encargado de las actividades recreativas, con el fin de [&hellip;]<\/p>\n","protected":false},"author":1,"featured_media":21344,"comment_status":"open","ping_status":"open","sticky":false,"template":"","format":"standard","meta":{"footnotes":""},"categories":[24,21],"tags":[4688,513,261,27],"class_list":{"0":"post-21343","1":"post","2":"type-post","3":"status-publish","4":"format-standard","5":"has-post-thumbnail","7":"category-informacion-general","8":"category-tu-soledad","9":"tag-capacitacion-de-personal","10":"tag-dif-soledad","11":"tag-slp","12":"tag-soledad"},"_links":{"self":[{"href":"https:\/\/cronicadesoledad.com\/index.php\/wp-json\/wp\/v2\/posts\/21343","targetHints":{"allow":["GET"]}}],"collection":[{"href":"https:\/\/cronicadesoledad.com\/index.php\/wp-json\/wp\/v2\/posts"}],"about":[{"href":"https:\/\/cronicadesoledad.com\/index.php\/wp-json\/wp\/v2\/types\/post"}],"author":[{"embeddable":true,"href":"https:\/\/cronicadesoledad.com\/index.php\/wp-json\/wp\/v2\/users\/1"}],"replies":[{"embeddable":true,"href":"https:\/\/cronicadesoledad.com\/index.php\/wp-json\/wp\/v2\/comments?post=21343"}],"version-history":[{"count":1,"href":"https:\/\/cronicadesoledad.com\/index.php\/wp-json\/wp\/v2\/posts\/21343\/revisions"}],"predecessor-version":[{"id":21345,"href":"https:\/\/cronicadesoledad.com\/index.php\/wp-json\/wp\/v2\/posts\/21343\/revisions\/21345"}],"wp:featuredmedia":[{"embeddable":true,"href":"https:\/\/cronicadesoledad.com\/index.php\/wp-json\/wp\/v2\/media\/21344"}],"wp:attachment":[{"href":"https:\/\/cronicadesoledad.com\/index.php\/wp-json\/wp\/v2\/media?parent=21343"}],"wp:term":[{"taxonomy":"category","embeddable":true,"href":"https:\/\/cronicadesoledad.com\/index.php\/wp-json\/wp\/v2\/categories?post=21343"},{"taxonomy":"post_tag","embeddable":true,"href":"https:\/\/cronicadesoledad.com\/index.php\/wp-json\/wp\/v2\/tags?post=21343"}],"curies":[{"name":"wp","href":"https:\/\/api.w.org\/{rel}","templated":true}]}}