{"id":21362,"date":"2025-07-25T18:22:14","date_gmt":"2025-07-26T00:22:14","guid":{"rendered":"https:\/\/cronicadesoledad.com\/?p=21362"},"modified":"2025-07-25T18:33:08","modified_gmt":"2025-07-26T00:33:08","slug":"oledad-avanza-en-la-construccion-del-centro-libre-para-la-proteccion-de-mujeres","status":"publish","type":"post","link":"https:\/\/cronicadesoledad.com\/index.php\/2025\/07\/25\/oledad-avanza-en-la-construccion-del-centro-libre-para-la-proteccion-de-mujeres\/","title":{"rendered":"Soledad avanza en la construcci\u00f3n del Centro LIBRE para la protecci\u00f3n de mujeres"},"content":{"rendered":"\n<p>La administraci\u00f3n de <strong>Soledad de Graciano S\u00e1nchez<\/strong>, encabezada por el alcalde <strong>Juan Manuel Navarro Mu\u00f1iz<\/strong>, report\u00f3 avances en la obra del <strong>Centro LIBRE<\/strong> (Libertad, Igualdad, Bienestar, Redes y Emancipaci\u00f3n para las Mujeres), ubicado en la <strong>colonia Pav\u00f3n<\/strong>. El espacio est\u00e1 dise\u00f1ado como punto de atenci\u00f3n integral para mujeres de todas las edades, con enfoque en <strong>prevenci\u00f3n<\/strong> y <strong>atenci\u00f3n de la violencia de g\u00e9nero<\/strong>.<\/p>\n\n\n\n<p>De acuerdo con el detalle t\u00e9cnico, el inmueble \u2014con una superficie aproximada de <strong>240 metros cuadrados<\/strong>\u2014 contar\u00e1 con <strong>servicios jur\u00eddicos<\/strong>, <strong>psicolog\u00eda<\/strong>, <strong>trabajo social<\/strong>, <strong>sal\u00f3n de capacitaci\u00f3n<\/strong>, <strong>talleres de empoderamiento<\/strong>, <strong>ludoteca<\/strong>, <strong>\u00e1reas comunes<\/strong> y <strong>zona infantil<\/strong>. La configuraci\u00f3n busca garantizar una <strong>red de apoyo institucional<\/strong> que facilite el acceso a la justicia y la protecci\u00f3n f\u00edsica y legal.<\/p>\n\n\n\n<p>Sobre el estado de la construcci\u00f3n, el alcalde inform\u00f3 <strong>losa colada<\/strong> en el \u00e1rea de oficinas, <strong>instalaciones el\u00e9ctricas e hidr\u00e1ulicas<\/strong> en interiores y <strong>piso firme<\/strong> en secciones operativas. Asimismo, se concluy\u00f3 el <strong>cercado perimetral<\/strong> y el <strong>piso firme<\/strong> para la colocaci\u00f3n de <strong>pasto sint\u00e9tico<\/strong> y <strong>juegos infantiles<\/strong>.<\/p>\n\n\n\n<p>&#8220;Hoy las mujeres de Soledad cuentan con un gobierno cercano que impulsa obras y acciones para su bienestar y el de sus hijas e hijos. Este Centro es un paso importante en el combate a la violencia contra las mujeres&#8221;, expres\u00f3 <strong>Navarro Mu\u00f1iz<\/strong>.<\/p>\n\n\n\n<p>El <strong>Centro LIBRE<\/strong> es un <strong>proyecto modelo<\/strong> que se desarrolla en coordinaci\u00f3n con la <strong>Secretar\u00eda de las Mujeres<\/strong> del Gobierno del Estado. Una vez en operaci\u00f3n, articular\u00e1 atenci\u00f3n <strong>jur\u00eddica<\/strong>, <strong>psicol\u00f3gica<\/strong> y <strong>social<\/strong> con procesos de <strong>capacitaci\u00f3n<\/strong> y <strong>acompa\u00f1amiento<\/strong>, como parte de una ruta integral para la <strong>protecci\u00f3n de derechos<\/strong> y la <strong>recuperaci\u00f3n de entornos seguros<\/strong>.<\/p>\n","protected":false},"excerpt":{"rendered":"<p>La administraci\u00f3n de Soledad de Graciano S\u00e1nchez, encabezada por el alcalde Juan Manuel Navarro Mu\u00f1iz, report\u00f3 avances en la obra del Centro LIBRE (Libertad, Igualdad, Bienestar, Redes y Emancipaci\u00f3n para las Mujeres), ubicado en la colonia Pav\u00f3n. El espacio est\u00e1 dise\u00f1ado como punto de atenci\u00f3n integral para mujeres de todas las edades, con enfoque en [&hellip;]<\/p>\n","protected":false},"author":2,"featured_media":21363,"comment_status":"open","ping_status":"open","sticky":false,"template":"","format":"standard","meta":{"footnotes":""},"categories":[1,24,21],"tags":[223,4346,4693,294,261,27],"class_list":{"0":"post-21362","1":"post","2":"type-post","3":"status-publish","4":"format-standard","5":"has-post-thumbnail","7":"category-destacadas","8":"category-informacion-general","9":"category-tu-soledad","10":"tag-ayuntamiento-soledense","11":"tag-centro-libre","12":"tag-proteccion-mujeres","13":"tag-san-luis","14":"tag-slp","15":"tag-soledad"},"_links":{"self":[{"href":"https:\/\/cronicadesoledad.com\/index.php\/wp-json\/wp\/v2\/posts\/21362","targetHints":{"allow":["GET"]}}],"collection":[{"href":"https:\/\/cronicadesoledad.com\/index.php\/wp-json\/wp\/v2\/posts"}],"about":[{"href":"https:\/\/cronicadesoledad.com\/index.php\/wp-json\/wp\/v2\/types\/post"}],"author":[{"embeddable":true,"href":"https:\/\/cronicadesoledad.com\/index.php\/wp-json\/wp\/v2\/users\/2"}],"replies":[{"embeddable":true,"href":"https:\/\/cronicadesoledad.com\/index.php\/wp-json\/wp\/v2\/comments?post=21362"}],"version-history":[{"count":2,"href":"https:\/\/cronicadesoledad.com\/index.php\/wp-json\/wp\/v2\/posts\/21362\/revisions"}],"predecessor-version":[{"id":21377,"href":"https:\/\/cronicadesoledad.com\/index.php\/wp-json\/wp\/v2\/posts\/21362\/revisions\/21377"}],"wp:featuredmedia":[{"embeddable":true,"href":"https:\/\/cronicadesoledad.com\/index.php\/wp-json\/wp\/v2\/media\/21363"}],"wp:attachment":[{"href":"https:\/\/cronicadesoledad.com\/index.php\/wp-json\/wp\/v2\/media?parent=21362"}],"wp:term":[{"taxonomy":"category","embeddable":true,"href":"https:\/\/cronicadesoledad.com\/index.php\/wp-json\/wp\/v2\/categories?post=21362"},{"taxonomy":"post_tag","embeddable":true,"href":"https:\/\/cronicadesoledad.com\/index.php\/wp-json\/wp\/v2\/tags?post=21362"}],"curies":[{"name":"wp","href":"https:\/\/api.w.org\/{rel}","templated":true}]}}