{"id":21390,"date":"2025-07-27T07:00:00","date_gmt":"2025-07-27T13:00:00","guid":{"rendered":"https:\/\/cronicadesoledad.com\/?p=21390"},"modified":"2025-07-26T20:53:32","modified_gmt":"2025-07-27T02:53:32","slug":"villa-de-pozos-fortalece-infraestructura-educativa","status":"publish","type":"post","link":"https:\/\/cronicadesoledad.com\/index.php\/2025\/07\/27\/villa-de-pozos-fortalece-infraestructura-educativa\/","title":{"rendered":"Villa de Pozos fortalece infraestructura educativa"},"content":{"rendered":"\n<p>Como parte del compromiso con la mejora continua de la educaci\u00f3n p\u00fablica, el Gobierno Municipal de Villa de Pozos, encabezado por la Presidenta Concejal Teresa Rivera Acevedo, inici\u00f3 con importantes obras de infraestructura educativa en beneficio de ni\u00f1as, ni\u00f1os y j\u00f3venes del municipio.<\/p>\n\n\n\n<p>La Presidenta Concejal, se\u00f1al\u00f3 que, en la Escuela Primaria \u201cJos\u00e9 Mariano Jim\u00e9nez\u201d, ubicada en calle Santa Claudia #135 del fraccionamiento La Libertad, registra un avance de m\u00e1s del 90% en los trabajos de construcci\u00f3n de tres nuevas aulas did\u00e1cticas, en las que se aplic\u00f3 una inversi\u00f3n de 3.5 millones de pesos, que permitir\u00e1 mejorar las condiciones de aprendizaje para m\u00e1s de 500 estudiantes en el pr\u00f3ximo ciclo escolar.<\/p>\n\n\n\n<p>Mientras que, en la Escuela Preparatoria Mtro. Javier Zamudio Cort\u00e9s, ubicada en Ciudad Sat\u00e9lite, se inici\u00f3 la construcci\u00f3n de tres aulas adicionales y obras complementarias, incluyendo una cancha de usos m\u00faltiples, con una inversi\u00f3n de 3.5 millones de pesos y contempla el equipamiento completo de las aulas con 40 mesabancos cada una, mobiliario para docentes y espacios recreativos.<\/p>\n\n\n\n<p>Rivera Acevedo, se\u00f1al\u00f3 que estas acciones reafirman el compromiso del Gobierno Municipal con la educaci\u00f3n, al brindar espacios seguros, funcionales y dignos para el desarrollo acad\u00e9mico de la ni\u00f1ez y juventud de Villa de Pozos.<\/p>\n","protected":false},"excerpt":{"rendered":"<p>Como parte del compromiso con la mejora continua de la educaci\u00f3n p\u00fablica, el Gobierno Municipal de Villa de Pozos, encabezado por la Presidenta Concejal Teresa Rivera Acevedo, inici\u00f3 con importantes obras de infraestructura educativa en beneficio de ni\u00f1as, ni\u00f1os y j\u00f3venes del municipio. La Presidenta Concejal, se\u00f1al\u00f3 que, en la Escuela Primaria \u201cJos\u00e9 Mariano Jim\u00e9nez\u201d, [&hellip;]<\/p>\n","protected":false},"author":1,"featured_media":21391,"comment_status":"open","ping_status":"open","sticky":false,"template":"","format":"standard","meta":{"footnotes":""},"categories":[3240,24,3175],"tags":[1411,294,261,1068],"class_list":{"0":"post-21390","1":"post","2":"type-post","3":"status-publish","4":"format-standard","5":"has-post-thumbnail","7":"category-educacion","8":"category-informacion-general","9":"category-pozos","10":"tag-infraestructura-educativa","11":"tag-san-luis","12":"tag-slp","13":"tag-villa-de-pozos"},"_links":{"self":[{"href":"https:\/\/cronicadesoledad.com\/index.php\/wp-json\/wp\/v2\/posts\/21390","targetHints":{"allow":["GET"]}}],"collection":[{"href":"https:\/\/cronicadesoledad.com\/index.php\/wp-json\/wp\/v2\/posts"}],"about":[{"href":"https:\/\/cronicadesoledad.com\/index.php\/wp-json\/wp\/v2\/types\/post"}],"author":[{"embeddable":true,"href":"https:\/\/cronicadesoledad.com\/index.php\/wp-json\/wp\/v2\/users\/1"}],"replies":[{"embeddable":true,"href":"https:\/\/cronicadesoledad.com\/index.php\/wp-json\/wp\/v2\/comments?post=21390"}],"version-history":[{"count":1,"href":"https:\/\/cronicadesoledad.com\/index.php\/wp-json\/wp\/v2\/posts\/21390\/revisions"}],"predecessor-version":[{"id":21392,"href":"https:\/\/cronicadesoledad.com\/index.php\/wp-json\/wp\/v2\/posts\/21390\/revisions\/21392"}],"wp:featuredmedia":[{"embeddable":true,"href":"https:\/\/cronicadesoledad.com\/index.php\/wp-json\/wp\/v2\/media\/21391"}],"wp:attachment":[{"href":"https:\/\/cronicadesoledad.com\/index.php\/wp-json\/wp\/v2\/media?parent=21390"}],"wp:term":[{"taxonomy":"category","embeddable":true,"href":"https:\/\/cronicadesoledad.com\/index.php\/wp-json\/wp\/v2\/categories?post=21390"},{"taxonomy":"post_tag","embeddable":true,"href":"https:\/\/cronicadesoledad.com\/index.php\/wp-json\/wp\/v2\/tags?post=21390"}],"curies":[{"name":"wp","href":"https:\/\/api.w.org\/{rel}","templated":true}]}}