{"id":21396,"date":"2025-07-27T09:00:00","date_gmt":"2025-07-27T15:00:00","guid":{"rendered":"https:\/\/cronicadesoledad.com\/?p=21396"},"modified":"2025-07-26T21:03:37","modified_gmt":"2025-07-27T03:03:37","slug":"ninas-y-ninos-de-villa-de-pozos-aprenden-durante-vacaciones","status":"publish","type":"post","link":"https:\/\/cronicadesoledad.com\/index.php\/2025\/07\/27\/ninas-y-ninos-de-villa-de-pozos-aprenden-durante-vacaciones\/","title":{"rendered":"Ni\u00f1as y ni\u00f1os de Villa de Pozos aprenden durante vacaciones"},"content":{"rendered":"\n<p>El Gobierno Municipal de Villa de Pozos, a trav\u00e9s del DIF Municipal, organiz\u00f3 una enriquecedora visita guiada al Museo del Ferrocarril Jes\u00fas Garc\u00eda Corona y a la f\u00e1brica Bimbo, como parte de las actividades del campamento de verano 2025, que se lleva a cabo del 21 de julio al 8 de agosto.<\/p>\n\n\n\n<p>La presidenta del DIF Municipal, Laura Ang\u00e9lica Villanueva Hern\u00e1ndez, explic\u00f3 que, durante la jornada, ni\u00f1as y ni\u00f1os vivieron experiencias dise\u00f1adas para aprender, como en la planta de Bimbo, en donde los peque\u00f1os conocieron el proceso de elaboraci\u00f3n del pan, recorrieron las instalaciones y aprendieron sobre temas fundamentales como el trabajo en equipo, la higiene y la buena alimentaci\u00f3n.<\/p>\n\n\n\n<p>En el Museo del Ferrocarril Jes\u00fas Garc\u00eda Corona, se sumergieron en un recorrido hist\u00f3rico lleno de magia, donde exploraron vagones, escucharon relatos del pasado y comprendieron la importancia del tren en la evoluci\u00f3n del pa\u00eds.<\/p>\n\n\n\n<p>Villanueva Hern\u00e1ndez, destac\u00f3 que este tipo de actividades tienen como objetivo fortalecer el desarrollo integral de la infancia, al generar momentos que combinan diversi\u00f3n, aprendizaje y cultura.<\/p>\n","protected":false},"excerpt":{"rendered":"<p>El Gobierno Municipal de Villa de Pozos, a trav\u00e9s del DIF Municipal, organiz\u00f3 una enriquecedora visita guiada al Museo del Ferrocarril Jes\u00fas Garc\u00eda Corona y a la f\u00e1brica Bimbo, como parte de las actividades del campamento de verano 2025, que se lleva a cabo del 21 de julio al 8 de agosto. La presidenta del [&hellip;]<\/p>\n","protected":false},"author":1,"featured_media":21397,"comment_status":"open","ping_status":"open","sticky":false,"template":"","format":"standard","meta":{"footnotes":""},"categories":[3240,24,3175],"tags":[320,294,261,1068],"class_list":{"0":"post-21396","1":"post","2":"type-post","3":"status-publish","4":"format-standard","5":"has-post-thumbnail","7":"category-educacion","8":"category-informacion-general","9":"category-pozos","10":"tag-educacion","11":"tag-san-luis","12":"tag-slp","13":"tag-villa-de-pozos"},"_links":{"self":[{"href":"https:\/\/cronicadesoledad.com\/index.php\/wp-json\/wp\/v2\/posts\/21396","targetHints":{"allow":["GET"]}}],"collection":[{"href":"https:\/\/cronicadesoledad.com\/index.php\/wp-json\/wp\/v2\/posts"}],"about":[{"href":"https:\/\/cronicadesoledad.com\/index.php\/wp-json\/wp\/v2\/types\/post"}],"author":[{"embeddable":true,"href":"https:\/\/cronicadesoledad.com\/index.php\/wp-json\/wp\/v2\/users\/1"}],"replies":[{"embeddable":true,"href":"https:\/\/cronicadesoledad.com\/index.php\/wp-json\/wp\/v2\/comments?post=21396"}],"version-history":[{"count":1,"href":"https:\/\/cronicadesoledad.com\/index.php\/wp-json\/wp\/v2\/posts\/21396\/revisions"}],"predecessor-version":[{"id":21398,"href":"https:\/\/cronicadesoledad.com\/index.php\/wp-json\/wp\/v2\/posts\/21396\/revisions\/21398"}],"wp:featuredmedia":[{"embeddable":true,"href":"https:\/\/cronicadesoledad.com\/index.php\/wp-json\/wp\/v2\/media\/21397"}],"wp:attachment":[{"href":"https:\/\/cronicadesoledad.com\/index.php\/wp-json\/wp\/v2\/media?parent=21396"}],"wp:term":[{"taxonomy":"category","embeddable":true,"href":"https:\/\/cronicadesoledad.com\/index.php\/wp-json\/wp\/v2\/categories?post=21396"},{"taxonomy":"post_tag","embeddable":true,"href":"https:\/\/cronicadesoledad.com\/index.php\/wp-json\/wp\/v2\/tags?post=21396"}],"curies":[{"name":"wp","href":"https:\/\/api.w.org\/{rel}","templated":true}]}}