{"id":21406,"date":"2025-07-28T08:00:00","date_gmt":"2025-07-28T14:00:00","guid":{"rendered":"https:\/\/cronicadesoledad.com\/?p=21406"},"modified":"2025-07-27T20:31:44","modified_gmt":"2025-07-28T02:31:44","slug":"villa-de-pozos-promueve-la-ciencia-entre-ninas-del-municipio","status":"publish","type":"post","link":"https:\/\/cronicadesoledad.com\/index.php\/2025\/07\/28\/villa-de-pozos-promueve-la-ciencia-entre-ninas-del-municipio\/","title":{"rendered":"Villa de Pozos promueve la ciencia entre ni\u00f1as del municipio"},"content":{"rendered":"\n<p>El Gobierno Municipal de Villa de Pozos, a trav\u00e9s de la Instancia de la Mujer y en coordinaci\u00f3n con la empresa L\u2019Or\u00e9al, llev\u00f3 a cabo con \u00e9xito la primera actividad del programa Juntas STEM, que busca fomentar la curiosidad, el talento y el desarrollo de ni\u00f1as en el \u00e1mbito cient\u00edfico y tecnol\u00f3gico.<\/p>\n\n\n\n<p>En esta jornada, m\u00e1s de 23 ni\u00f1as poce\u00f1as tuvieron la oportunidad de visitar las instalaciones de L\u2019Or\u00e9al, donde fueron recibidas por ingenieras de la empresa, quienes compartieron sus experiencias profesionales y personales, brindaron inspiraci\u00f3n y una visi\u00f3n clara de las oportunidades en el mundo laboral.<\/p>\n\n\n\n<p>La Instancia de la Mujer, explic\u00f3 que esta iniciativa responde a la encomienda de la Presidenta Concejal, Teresa Rivera Acevedo, de trabajar en favor del bienestar y empoderamiento de las ni\u00f1as del municipio y tiene como objetivo abrir caminos y promover la participaci\u00f3n femenina en las \u00e1reas de ciencia, tecnolog\u00eda, ingenier\u00eda y matem\u00e1ticas.<\/p>\n\n\n\n<p>Se\u00f1al\u00f3 que, este esfuerzo es solo el inicio de una serie de actividades dise\u00f1adas para motivar a m\u00e1s ni\u00f1as a involucrarse en proyectos que impulsen su desarrollo acad\u00e9mico y personal, adem\u00e1s de reafirmar con el compromiso de generar alianzas con el sector privado para crear entornos de aprendizaje que inspiren a las nuevas generaciones.<\/p>\n","protected":false},"excerpt":{"rendered":"<p>El Gobierno Municipal de Villa de Pozos, a trav\u00e9s de la Instancia de la Mujer y en coordinaci\u00f3n con la empresa L\u2019Or\u00e9al, llev\u00f3 a cabo con \u00e9xito la primera actividad del programa Juntas STEM, que busca fomentar la curiosidad, el talento y el desarrollo de ni\u00f1as en el \u00e1mbito cient\u00edfico y tecnol\u00f3gico. En esta jornada, [&hellip;]<\/p>\n","protected":false},"author":1,"featured_media":21407,"comment_status":"open","ping_status":"open","sticky":false,"template":"","format":"standard","meta":{"footnotes":""},"categories":[24,3175],"tags":[356,917,294,261,1068],"class_list":{"0":"post-21406","1":"post","2":"type-post","3":"status-publish","4":"format-standard","5":"has-post-thumbnail","7":"category-informacion-general","8":"category-pozos","9":"tag-ciencia","10":"tag-ninos","11":"tag-san-luis","12":"tag-slp","13":"tag-villa-de-pozos"},"_links":{"self":[{"href":"https:\/\/cronicadesoledad.com\/index.php\/wp-json\/wp\/v2\/posts\/21406","targetHints":{"allow":["GET"]}}],"collection":[{"href":"https:\/\/cronicadesoledad.com\/index.php\/wp-json\/wp\/v2\/posts"}],"about":[{"href":"https:\/\/cronicadesoledad.com\/index.php\/wp-json\/wp\/v2\/types\/post"}],"author":[{"embeddable":true,"href":"https:\/\/cronicadesoledad.com\/index.php\/wp-json\/wp\/v2\/users\/1"}],"replies":[{"embeddable":true,"href":"https:\/\/cronicadesoledad.com\/index.php\/wp-json\/wp\/v2\/comments?post=21406"}],"version-history":[{"count":1,"href":"https:\/\/cronicadesoledad.com\/index.php\/wp-json\/wp\/v2\/posts\/21406\/revisions"}],"predecessor-version":[{"id":21408,"href":"https:\/\/cronicadesoledad.com\/index.php\/wp-json\/wp\/v2\/posts\/21406\/revisions\/21408"}],"wp:featuredmedia":[{"embeddable":true,"href":"https:\/\/cronicadesoledad.com\/index.php\/wp-json\/wp\/v2\/media\/21407"}],"wp:attachment":[{"href":"https:\/\/cronicadesoledad.com\/index.php\/wp-json\/wp\/v2\/media?parent=21406"}],"wp:term":[{"taxonomy":"category","embeddable":true,"href":"https:\/\/cronicadesoledad.com\/index.php\/wp-json\/wp\/v2\/categories?post=21406"},{"taxonomy":"post_tag","embeddable":true,"href":"https:\/\/cronicadesoledad.com\/index.php\/wp-json\/wp\/v2\/tags?post=21406"}],"curies":[{"name":"wp","href":"https:\/\/api.w.org\/{rel}","templated":true}]}}