{"id":21409,"date":"2025-07-28T09:00:00","date_gmt":"2025-07-28T15:00:00","guid":{"rendered":"https:\/\/cronicadesoledad.com\/?p=21409"},"modified":"2025-07-27T20:41:33","modified_gmt":"2025-07-28T02:41:33","slug":"villa-de-pozos-apoya-a-emprendedores-locales","status":"publish","type":"post","link":"https:\/\/cronicadesoledad.com\/index.php\/2025\/07\/28\/villa-de-pozos-apoya-a-emprendedores-locales\/","title":{"rendered":"Villa de Pozos apoya a emprendedores locales"},"content":{"rendered":"\n<p>El Gobierno Municipal de Villa de Pozos, a trav\u00e9s de la Direcci\u00f3n de Desarrollo Econ\u00f3mico, impulsa el apoyo a las y los emprendedores locales mediante la iniciativa de los Corredores de Emprendedores, que se realizan los fines de semana en la Plaza Principal del municipio, con el objetivo de ofrecer a las y los emprendedores una plataforma donde puedan dar a conocer sus productos y servicios, mientras contribuyen al crecimiento econ\u00f3mico de la comunidad.<\/p>\n\n\n\n<p>El director de Desarrollo Econ\u00f3mico, Juan Alejandro M\u00e9ndez Zavala, resalt\u00f3 la importancia de estos corredores como un espacio para que las personas emprendedoras puedan interactuar directamente con los consumidores, ya que, este tipo de iniciativas promueven la colaboraci\u00f3n entre los peque\u00f1os empresarios y los residentes del municipio y generan un c\u00edrculo de consumo y desarrollo econ\u00f3mico.<\/p>\n\n\n\n<p>Los corredores est\u00e1n dise\u00f1ados para ser una plataforma accesible y abierta para todos los emprendedores de Villa de Pozos, independientemente de su rubro, ya sea artesanal, gastron\u00f3mico, de moda o servicios y durante los fines de semana, los puestos est\u00e1n disponibles en la Plaza Principal, lo que permite que habitantes conozcan y adquieran productos elaborados por emprendedores locales.<\/p>\n\n\n\n<p>M\u00e9ndez Zavala, enfatiz\u00f3 que el objetivo del Gobierno Municipal es ofrecer m\u00e1s alternativas de apoyo y promoci\u00f3n a las y los emprendedores del municipio como los corredores de emprendedores que no solo representan una oportunidad de crecimiento econ\u00f3mico, sino tambi\u00e9n una forma de fortalecer la identidad local, al resaltar el talento y creatividad de los habitantes de Villa de Pozos.<\/p>\n","protected":false},"excerpt":{"rendered":"<p>El Gobierno Municipal de Villa de Pozos, a trav\u00e9s de la Direcci\u00f3n de Desarrollo Econ\u00f3mico, impulsa el apoyo a las y los emprendedores locales mediante la iniciativa de los Corredores de Emprendedores, que se realizan los fines de semana en la Plaza Principal del municipio, con el objetivo de ofrecer a las y los emprendedores [&hellip;]<\/p>\n","protected":false},"author":1,"featured_media":21410,"comment_status":"open","ping_status":"open","sticky":false,"template":"","format":"standard","meta":{"footnotes":""},"categories":[24,3175],"tags":[3357,294,261,1068],"class_list":{"0":"post-21409","1":"post","2":"type-post","3":"status-publish","4":"format-standard","5":"has-post-thumbnail","7":"category-informacion-general","8":"category-pozos","9":"tag-economia-2","10":"tag-san-luis","11":"tag-slp","12":"tag-villa-de-pozos"},"_links":{"self":[{"href":"https:\/\/cronicadesoledad.com\/index.php\/wp-json\/wp\/v2\/posts\/21409","targetHints":{"allow":["GET"]}}],"collection":[{"href":"https:\/\/cronicadesoledad.com\/index.php\/wp-json\/wp\/v2\/posts"}],"about":[{"href":"https:\/\/cronicadesoledad.com\/index.php\/wp-json\/wp\/v2\/types\/post"}],"author":[{"embeddable":true,"href":"https:\/\/cronicadesoledad.com\/index.php\/wp-json\/wp\/v2\/users\/1"}],"replies":[{"embeddable":true,"href":"https:\/\/cronicadesoledad.com\/index.php\/wp-json\/wp\/v2\/comments?post=21409"}],"version-history":[{"count":1,"href":"https:\/\/cronicadesoledad.com\/index.php\/wp-json\/wp\/v2\/posts\/21409\/revisions"}],"predecessor-version":[{"id":21411,"href":"https:\/\/cronicadesoledad.com\/index.php\/wp-json\/wp\/v2\/posts\/21409\/revisions\/21411"}],"wp:featuredmedia":[{"embeddable":true,"href":"https:\/\/cronicadesoledad.com\/index.php\/wp-json\/wp\/v2\/media\/21410"}],"wp:attachment":[{"href":"https:\/\/cronicadesoledad.com\/index.php\/wp-json\/wp\/v2\/media?parent=21409"}],"wp:term":[{"taxonomy":"category","embeddable":true,"href":"https:\/\/cronicadesoledad.com\/index.php\/wp-json\/wp\/v2\/categories?post=21409"},{"taxonomy":"post_tag","embeddable":true,"href":"https:\/\/cronicadesoledad.com\/index.php\/wp-json\/wp\/v2\/tags?post=21409"}],"curies":[{"name":"wp","href":"https:\/\/api.w.org\/{rel}","templated":true}]}}