{"id":21432,"date":"2025-07-28T03:05:00","date_gmt":"2025-07-28T09:05:00","guid":{"rendered":"https:\/\/cronicadesoledad.com\/?p=21432"},"modified":"2025-07-28T02:04:27","modified_gmt":"2025-07-28T08:04:27","slug":"desgastante-el-respaldo-de-rita-ozalia-a-adan-augusto","status":"publish","type":"post","link":"https:\/\/cronicadesoledad.com\/index.php\/2025\/07\/28\/desgastante-el-respaldo-de-rita-ozalia-a-adan-augusto\/","title":{"rendered":"Desgastante el respaldo de Rita Ozalia a Ad\u00e1n Augusto"},"content":{"rendered":"\n<p>Morena enfrenta una nueva crisis interna en San Luis Potos\u00ed, luego del pol\u00e9mico respaldo que la dirigente estatal Rita Ozalia Rodr\u00edguez expres\u00f3 p\u00fablicamente al senador Ad\u00e1n Augusto L\u00f3pez. Este gesto ha provocado molestia entre la militancia local, que ya carga con el descontento por la inclusi\u00f3n de perfiles ajenos al movimiento y la falta de rumbo claro en la dirigencia.<\/p>\n\n\n\n<p>Durante la Octava Sesi\u00f3n Extraordinaria del Consejo Nacional de Morena, Rodr\u00edguez elogi\u00f3 efusivamente a Ad\u00e1n Augusto, a quien calific\u00f3 como \u201cun leal amigo\u201d. A trav\u00e9s de redes sociales, expres\u00f3: \u201cEs un honor ser su amiga. Lo quiero mucho\u2026 Gracias por siempre estar conmigo\u201d, lo que desat\u00f3 reacciones divididas dentro del partido en la entidad.<\/p>\n\n\n\n<p>El exsecretario de Gobernaci\u00f3n est\u00e1 bajo la lupa por su posible relaci\u00f3n con Hern\u00e1n Berm\u00fadez Requena, exjefe policiaco de Tabasco se\u00f1alado por sus presuntos v\u00ednculos con el grupo delictivo \u201cLa Barredora\u201d. Este contexto ha hecho que el respaldo de Ozalia resulte inc\u00f3modo, incluso para fundadores del partido que consideran que tales declaraciones comprometen la credibilidad del movimiento.<\/p>\n\n\n\n<p>La inconformidad crece entre quienes piden que la dirigencia se enfoque en resolver conflictos locales, en vez de exponerse a controversias externas. A menos de un a\u00f1o del arranque formal del proceso electoral, Morena en San Luis Potos\u00ed enfrenta tensiones que podr\u00edan fracturar a\u00fan m\u00e1s sus estructuras si no se retoma el di\u00e1logo y se privilegia a la base sobre los intereses personales.<\/p>\n","protected":false},"excerpt":{"rendered":"<p>Morena enfrenta una nueva crisis interna en San Luis Potos\u00ed, luego del pol\u00e9mico respaldo que la dirigente estatal Rita Ozalia Rodr\u00edguez expres\u00f3 p\u00fablicamente al senador Ad\u00e1n Augusto L\u00f3pez. Este gesto ha provocado molestia entre la militancia local, que ya carga con el descontento por la inclusi\u00f3n de perfiles ajenos al movimiento y la falta de [&hellip;]<\/p>\n","protected":false},"author":2,"featured_media":21433,"comment_status":"open","ping_status":"open","sticky":false,"template":"","format":"standard","meta":{"footnotes":""},"categories":[1,24],"tags":[4706,2239,287,2238,294,261],"class_list":{"0":"post-21432","1":"post","2":"type-post","3":"status-publish","4":"format-standard","5":"has-post-thumbnail","7":"category-destacadas","8":"category-informacion-general","9":"tag-adan-augusto","10":"tag-morena","11":"tag-nacional","12":"tag-rita-ozalia","13":"tag-san-luis","14":"tag-slp"},"_links":{"self":[{"href":"https:\/\/cronicadesoledad.com\/index.php\/wp-json\/wp\/v2\/posts\/21432","targetHints":{"allow":["GET"]}}],"collection":[{"href":"https:\/\/cronicadesoledad.com\/index.php\/wp-json\/wp\/v2\/posts"}],"about":[{"href":"https:\/\/cronicadesoledad.com\/index.php\/wp-json\/wp\/v2\/types\/post"}],"author":[{"embeddable":true,"href":"https:\/\/cronicadesoledad.com\/index.php\/wp-json\/wp\/v2\/users\/2"}],"replies":[{"embeddable":true,"href":"https:\/\/cronicadesoledad.com\/index.php\/wp-json\/wp\/v2\/comments?post=21432"}],"version-history":[{"count":1,"href":"https:\/\/cronicadesoledad.com\/index.php\/wp-json\/wp\/v2\/posts\/21432\/revisions"}],"predecessor-version":[{"id":21434,"href":"https:\/\/cronicadesoledad.com\/index.php\/wp-json\/wp\/v2\/posts\/21432\/revisions\/21434"}],"wp:featuredmedia":[{"embeddable":true,"href":"https:\/\/cronicadesoledad.com\/index.php\/wp-json\/wp\/v2\/media\/21433"}],"wp:attachment":[{"href":"https:\/\/cronicadesoledad.com\/index.php\/wp-json\/wp\/v2\/media?parent=21432"}],"wp:term":[{"taxonomy":"category","embeddable":true,"href":"https:\/\/cronicadesoledad.com\/index.php\/wp-json\/wp\/v2\/categories?post=21432"},{"taxonomy":"post_tag","embeddable":true,"href":"https:\/\/cronicadesoledad.com\/index.php\/wp-json\/wp\/v2\/tags?post=21432"}],"curies":[{"name":"wp","href":"https:\/\/api.w.org\/{rel}","templated":true}]}}