{"id":21449,"date":"2025-07-28T17:43:31","date_gmt":"2025-07-28T23:43:31","guid":{"rendered":"https:\/\/cronicadesoledad.com\/?p=21449"},"modified":"2025-07-28T17:43:32","modified_gmt":"2025-07-28T23:43:32","slug":"ayuntamiento-de-soledad-abre-inscripciones-gratuitas-a-talleres-culturales-y-de-capacitacion-laboral","status":"publish","type":"post","link":"https:\/\/cronicadesoledad.com\/index.php\/2025\/07\/28\/ayuntamiento-de-soledad-abre-inscripciones-gratuitas-a-talleres-culturales-y-de-capacitacion-laboral\/","title":{"rendered":"Ayuntamiento de Soledad abre inscripciones gratuitas a talleres culturales y de capacitaci\u00f3n laboral"},"content":{"rendered":"\n<p>El <strong>Ayuntamiento de Soledad de Graciano S\u00e1nchez<\/strong> abri\u00f3 el registro a los talleres del <strong>Centro de Extensi\u00f3n San Francisco<\/strong>, con una oferta cercana a <strong>20 disciplinas<\/strong> orientadas al desarrollo cultural, el aprendizaje de <strong>habilidades para el trabajo<\/strong> y el <strong>autoempleo<\/strong>. Los cursos est\u00e1n dirigidos a <strong>ni\u00f1as, ni\u00f1os, adolescentes, j\u00f3venes y personas adultas<\/strong>, con opciones de lunes a s\u00e1bado en turnos <strong>matutino y vespertino<\/strong>.<\/p>\n\n\n\n<p>La titular del centro, <strong>Mar\u00eda del Socorro P\u00e9rez D\u00edaz<\/strong>, inform\u00f3 que la programaci\u00f3n combina actividades formativas y recreativas para distintos rangos de edad. \u201c<strong>El Alcalde, Juan Manuel Navarro, ha instruido ampliar la oferta de disciplinas de manera gratuita<\/strong> y convocar a m\u00e1s familias, para que este espacio sea un <strong>lugar de aprendizaje<\/strong> que fortalezca el <strong>autoempleo<\/strong> y el <strong>desenvolvimiento personal<\/strong>\u201d, se\u00f1al\u00f3.<\/p>\n\n\n\n<p>Entre las opciones para <strong>personas adultas<\/strong> se encuentran <strong>carpinter\u00eda b\u00e1sica<\/strong>, <strong>baile fitness<\/strong>, <strong>jumping<\/strong> y <strong>zumba<\/strong>. Para <strong>p\u00fablico infantil<\/strong> se ofrecen <strong>f\u00fatbol<\/strong> y <strong>computaci\u00f3n b\u00e1sica<\/strong>. Asimismo, hay grupos <strong>mixtos<\/strong> para todas las edades en <strong>taekwondo<\/strong>, <strong>cocina<\/strong>, <strong>manualidades<\/strong>, <strong>regularizaci\u00f3n acad\u00e9mica<\/strong>, <strong>tejido y bordado<\/strong>, <strong>corte y confecci\u00f3n<\/strong>, <strong>bisuter\u00eda<\/strong> y <strong>acupuntura<\/strong>. El centro tambi\u00e9n brinda <strong>servicio psicol\u00f3gico<\/strong> para el p\u00fablico en general.<\/p>\n\n\n\n<p>Las <strong>inscripciones<\/strong> son <strong>gratuitas<\/strong> y se realizan en <strong>calle Rep\u00fablica de Uruguay 104, colonia San Francisco<\/strong>, o v\u00eda telef\u00f3nica al <strong>444 139 69 41<\/strong>. La <strong>Direcci\u00f3n de Desarrollo Comunitario<\/strong> invit\u00f3 a las y los interesados a consultar la <strong>programaci\u00f3n<\/strong> y elegir el horario que mejor se adapte a sus necesidades.<\/p>\n\n\n\n<p>Con esta oferta, el <strong>Gobierno Municipal de Soledad<\/strong> busca <strong>acercar oportunidades<\/strong> de capacitaci\u00f3n y <strong>recreaci\u00f3n<\/strong> a la comunidad, promoviendo <strong>bienestar<\/strong>, <strong>convivencia<\/strong> y <strong>mejores herramientas laborales<\/strong> para las familias del municipio.<\/p>\n","protected":false},"excerpt":{"rendered":"<p>El Ayuntamiento de Soledad de Graciano S\u00e1nchez abri\u00f3 el registro a los talleres del Centro de Extensi\u00f3n San Francisco, con una oferta cercana a 20 disciplinas orientadas al desarrollo cultural, el aprendizaje de habilidades para el trabajo y el autoempleo. Los cursos est\u00e1n dirigidos a ni\u00f1as, ni\u00f1os, adolescentes, j\u00f3venes y personas adultas, con opciones de [&hellip;]<\/p>\n","protected":false},"author":2,"featured_media":21451,"comment_status":"open","ping_status":"open","sticky":false,"template":"","format":"standard","meta":{"footnotes":""},"categories":[1,24,21],"tags":[223,294,261,27,366],"class_list":{"0":"post-21449","1":"post","2":"type-post","3":"status-publish","4":"format-standard","5":"has-post-thumbnail","7":"category-destacadas","8":"category-informacion-general","9":"category-tu-soledad","10":"tag-ayuntamiento-soledense","11":"tag-san-luis","12":"tag-slp","13":"tag-soledad","14":"tag-talleres"},"_links":{"self":[{"href":"https:\/\/cronicadesoledad.com\/index.php\/wp-json\/wp\/v2\/posts\/21449","targetHints":{"allow":["GET"]}}],"collection":[{"href":"https:\/\/cronicadesoledad.com\/index.php\/wp-json\/wp\/v2\/posts"}],"about":[{"href":"https:\/\/cronicadesoledad.com\/index.php\/wp-json\/wp\/v2\/types\/post"}],"author":[{"embeddable":true,"href":"https:\/\/cronicadesoledad.com\/index.php\/wp-json\/wp\/v2\/users\/2"}],"replies":[{"embeddable":true,"href":"https:\/\/cronicadesoledad.com\/index.php\/wp-json\/wp\/v2\/comments?post=21449"}],"version-history":[{"count":1,"href":"https:\/\/cronicadesoledad.com\/index.php\/wp-json\/wp\/v2\/posts\/21449\/revisions"}],"predecessor-version":[{"id":21452,"href":"https:\/\/cronicadesoledad.com\/index.php\/wp-json\/wp\/v2\/posts\/21449\/revisions\/21452"}],"wp:featuredmedia":[{"embeddable":true,"href":"https:\/\/cronicadesoledad.com\/index.php\/wp-json\/wp\/v2\/media\/21451"}],"wp:attachment":[{"href":"https:\/\/cronicadesoledad.com\/index.php\/wp-json\/wp\/v2\/media?parent=21449"}],"wp:term":[{"taxonomy":"category","embeddable":true,"href":"https:\/\/cronicadesoledad.com\/index.php\/wp-json\/wp\/v2\/categories?post=21449"},{"taxonomy":"post_tag","embeddable":true,"href":"https:\/\/cronicadesoledad.com\/index.php\/wp-json\/wp\/v2\/tags?post=21449"}],"curies":[{"name":"wp","href":"https:\/\/api.w.org\/{rel}","templated":true}]}}