{"id":21464,"date":"2025-07-29T09:00:00","date_gmt":"2025-07-29T15:00:00","guid":{"rendered":"https:\/\/cronicadesoledad.com\/?p=21464"},"modified":"2025-07-29T01:52:32","modified_gmt":"2025-07-29T07:52:32","slug":"mas-de-600-mascotas-recibieron-vacunacion-antirrabica-en-villa-de-pozos","status":"publish","type":"post","link":"https:\/\/cronicadesoledad.com\/index.php\/2025\/07\/29\/mas-de-600-mascotas-recibieron-vacunacion-antirrabica-en-villa-de-pozos\/","title":{"rendered":"M\u00e1s de 600 mascotas recibieron vacunaci\u00f3n antirr\u00e1bica en Villa de Pozos"},"content":{"rendered":"\n<p>El Gobierno Municipal de Villa de Pozos, a trav\u00e9s de la direcci\u00f3n de Participaci\u00f3n Ciudadana, realiz\u00f3 una exitosa jornada de vacunaci\u00f3n de mascotas durante este fin de semana, en las zonas de Ciudad Sat\u00e9lite y Urbi Villa Real, en coordinaci\u00f3n con la Jurisdicci\u00f3n Sanitaria No. 1 con el objetivo de prevenir enfermedades como la rabia y promover la tenencia responsable de mascotas.<\/p>\n\n\n\n<p>El Director de Participaci\u00f3n Ciudadana, Mar\u00edn Nava, destac\u00f3 la gran respuesta de la ciudadan\u00eda y el \u00e9xito de la jornada, ya que, durante la actividad, se ofreci\u00f3 la vacunaci\u00f3n a m\u00e1s de 600 mascotas, una cifra importante que refleja el compromiso del municipio con el bienestar animal.<\/p>\n\n\n\n<p>En la zona de Ciudad Sat\u00e9lite, m\u00e1s de 350 mascotas fueron beneficiadas con la vacuna antirr\u00e1bica, que contribuyeron a la prevenci\u00f3n de esta enfermedad, adem\u00e1s, en Urbi Villa Real, se aplicaron vacunas a m\u00e1s de 250 mascotas para asegurar la cobertura en estas importantes \u00e1reas del municipio.<\/p>\n\n\n\n<p>Mar\u00edn Nava, expres\u00f3 su agradecimiento a las Juntas de Participaci\u00f3n Ciudadana y a las Coordinaciones Vecinales, quienes tienen un papel fundamental en la organizaci\u00f3n y promoci\u00f3n de la campa\u00f1a en sus respectivas colonias.<\/p>\n","protected":false},"excerpt":{"rendered":"<p>El Gobierno Municipal de Villa de Pozos, a trav\u00e9s de la direcci\u00f3n de Participaci\u00f3n Ciudadana, realiz\u00f3 una exitosa jornada de vacunaci\u00f3n de mascotas durante este fin de semana, en las zonas de Ciudad Sat\u00e9lite y Urbi Villa Real, en coordinaci\u00f3n con la Jurisdicci\u00f3n Sanitaria No. 1 con el objetivo de prevenir enfermedades como la rabia [&hellip;]<\/p>\n","protected":false},"author":1,"featured_media":21465,"comment_status":"open","ping_status":"open","sticky":false,"template":"","format":"standard","meta":{"footnotes":""},"categories":[24,3175],"tags":[294,261,2150,1068],"class_list":{"0":"post-21464","1":"post","2":"type-post","3":"status-publish","4":"format-standard","5":"has-post-thumbnail","7":"category-informacion-general","8":"category-pozos","9":"tag-san-luis","10":"tag-slp","11":"tag-vacunacion-antirrabica","12":"tag-villa-de-pozos"},"_links":{"self":[{"href":"https:\/\/cronicadesoledad.com\/index.php\/wp-json\/wp\/v2\/posts\/21464","targetHints":{"allow":["GET"]}}],"collection":[{"href":"https:\/\/cronicadesoledad.com\/index.php\/wp-json\/wp\/v2\/posts"}],"about":[{"href":"https:\/\/cronicadesoledad.com\/index.php\/wp-json\/wp\/v2\/types\/post"}],"author":[{"embeddable":true,"href":"https:\/\/cronicadesoledad.com\/index.php\/wp-json\/wp\/v2\/users\/1"}],"replies":[{"embeddable":true,"href":"https:\/\/cronicadesoledad.com\/index.php\/wp-json\/wp\/v2\/comments?post=21464"}],"version-history":[{"count":1,"href":"https:\/\/cronicadesoledad.com\/index.php\/wp-json\/wp\/v2\/posts\/21464\/revisions"}],"predecessor-version":[{"id":21466,"href":"https:\/\/cronicadesoledad.com\/index.php\/wp-json\/wp\/v2\/posts\/21464\/revisions\/21466"}],"wp:featuredmedia":[{"embeddable":true,"href":"https:\/\/cronicadesoledad.com\/index.php\/wp-json\/wp\/v2\/media\/21465"}],"wp:attachment":[{"href":"https:\/\/cronicadesoledad.com\/index.php\/wp-json\/wp\/v2\/media?parent=21464"}],"wp:term":[{"taxonomy":"category","embeddable":true,"href":"https:\/\/cronicadesoledad.com\/index.php\/wp-json\/wp\/v2\/categories?post=21464"},{"taxonomy":"post_tag","embeddable":true,"href":"https:\/\/cronicadesoledad.com\/index.php\/wp-json\/wp\/v2\/tags?post=21464"}],"curies":[{"name":"wp","href":"https:\/\/api.w.org\/{rel}","templated":true}]}}