{"id":21467,"date":"2025-07-29T15:48:31","date_gmt":"2025-07-29T21:48:31","guid":{"rendered":"https:\/\/cronicadesoledad.com\/?p=21467"},"modified":"2025-07-29T15:48:32","modified_gmt":"2025-07-29T21:48:32","slug":"hombre-fue-asesinado-en-hogares-ferrocarrileros","status":"publish","type":"post","link":"https:\/\/cronicadesoledad.com\/index.php\/2025\/07\/29\/hombre-fue-asesinado-en-hogares-ferrocarrileros\/","title":{"rendered":"Hombre fue asesinado en Hogares Ferrocarrileros"},"content":{"rendered":"\n<p>Un hombre de aproximadamente <strong>30 a\u00f1os<\/strong> fue asesinado a balazos la noche del domingo en la <strong>colonia Hogares Ferrocarrileros<\/strong>, <strong>Soledad de Graciano S\u00e1nchez<\/strong>, <strong>San Luis Potos\u00ed<\/strong>. El ataque ocurri\u00f3 alrededor de las <strong>21:00 horas<\/strong> en la <strong>calle L\u00e1zaro C\u00e1rdenas<\/strong>, a la altura de la <strong>calle Tenochtitl\u00e1n<\/strong>, cuando la v\u00edctima circulaba en un <strong>Mini Cooper<\/strong> y fue interceptada por <strong>delincuentes armados<\/strong>.<\/p>\n\n\n\n<p>Seg\u00fan los hechos, los agresores dispararon a corta distancia y huyeron con rumbo desconocido, dejando al hombre sin vida. Elementos de la <strong>Guardia Civil Estatal<\/strong> acudieron como primeros respondientes, acordonando la zona. <\/p>\n\n\n\n<p>Personal de <strong>Servicios Periciales<\/strong> realiz\u00f3 una inspecci\u00f3n en la escena, y el cuerpo fue trasladado al <strong>Servicio M\u00e9dico Legista<\/strong> para la autopsia y posterior entrega a familiares. La <strong>Fiscal\u00eda General del Estado<\/strong> abri\u00f3 una carpeta de investigaci\u00f3n para identificar y capturar a los responsables, con el objetivo de proceder conforme a la ley.<\/p>\n","protected":false},"excerpt":{"rendered":"<p>Un hombre de aproximadamente 30 a\u00f1os fue asesinado a balazos la noche del domingo en la colonia Hogares Ferrocarrileros, Soledad de Graciano S\u00e1nchez, San Luis Potos\u00ed. El ataque ocurri\u00f3 alrededor de las 21:00 horas en la calle L\u00e1zaro C\u00e1rdenas, a la altura de la calle Tenochtitl\u00e1n, cuando la v\u00edctima circulaba en un Mini Cooper y [&hellip;]<\/p>\n","protected":false},"author":2,"featured_media":21468,"comment_status":"open","ping_status":"open","sticky":false,"template":"","format":"standard","meta":{"footnotes":""},"categories":[1,24,19],"tags":[3382,586,294,276,261,27],"class_list":{"0":"post-21467","1":"post","2":"type-post","3":"status-publish","4":"format-standard","5":"has-post-thumbnail","7":"category-destacadas","8":"category-informacion-general","9":"category-seguridad","10":"tag-asesinado","11":"tag-hogares-ferrocarrileros","12":"tag-san-luis","13":"tag-seguridad","14":"tag-slp","15":"tag-soledad"},"_links":{"self":[{"href":"https:\/\/cronicadesoledad.com\/index.php\/wp-json\/wp\/v2\/posts\/21467","targetHints":{"allow":["GET"]}}],"collection":[{"href":"https:\/\/cronicadesoledad.com\/index.php\/wp-json\/wp\/v2\/posts"}],"about":[{"href":"https:\/\/cronicadesoledad.com\/index.php\/wp-json\/wp\/v2\/types\/post"}],"author":[{"embeddable":true,"href":"https:\/\/cronicadesoledad.com\/index.php\/wp-json\/wp\/v2\/users\/2"}],"replies":[{"embeddable":true,"href":"https:\/\/cronicadesoledad.com\/index.php\/wp-json\/wp\/v2\/comments?post=21467"}],"version-history":[{"count":1,"href":"https:\/\/cronicadesoledad.com\/index.php\/wp-json\/wp\/v2\/posts\/21467\/revisions"}],"predecessor-version":[{"id":21469,"href":"https:\/\/cronicadesoledad.com\/index.php\/wp-json\/wp\/v2\/posts\/21467\/revisions\/21469"}],"wp:featuredmedia":[{"embeddable":true,"href":"https:\/\/cronicadesoledad.com\/index.php\/wp-json\/wp\/v2\/media\/21468"}],"wp:attachment":[{"href":"https:\/\/cronicadesoledad.com\/index.php\/wp-json\/wp\/v2\/media?parent=21467"}],"wp:term":[{"taxonomy":"category","embeddable":true,"href":"https:\/\/cronicadesoledad.com\/index.php\/wp-json\/wp\/v2\/categories?post=21467"},{"taxonomy":"post_tag","embeddable":true,"href":"https:\/\/cronicadesoledad.com\/index.php\/wp-json\/wp\/v2\/tags?post=21467"}],"curies":[{"name":"wp","href":"https:\/\/api.w.org\/{rel}","templated":true}]}}