{"id":21488,"date":"2025-07-30T19:47:10","date_gmt":"2025-07-31T01:47:10","guid":{"rendered":"https:\/\/cronicadesoledad.com\/?p=21488"},"modified":"2025-07-30T19:47:10","modified_gmt":"2025-07-31T01:47:10","slug":"guardia-civil-de-soledad-afina-participacion-en-acciones-de-seguridad-en-fenapo-2025","status":"publish","type":"post","link":"https:\/\/cronicadesoledad.com\/index.php\/2025\/07\/30\/guardia-civil-de-soledad-afina-participacion-en-acciones-de-seguridad-en-fenapo-2025\/","title":{"rendered":"Guardia Civil de Soledad afina participaci\u00f3n en acciones de seguridad en FENAPO 2025"},"content":{"rendered":"\n<p>El titular de la Guardia Civil Municipal de Soledad de Graciano S\u00e1nchez, comisario Victor Aristarco Serna Pi\u00f1a, acudi\u00f3 a la tercera reuni\u00f3n del Plan Operativo que se desplegar\u00e1 en la Feria Nacional Potosina (FENAPO) 2025, con el objetivo de afinar detalles del apoyo y la participaci\u00f3n dentro de las acciones de seguridad para asistentes, expositores y participantes de la fiesta m\u00e1s grande del Estado, que arranca el viernes 8 de agosto.<\/p>\n\n\n\n<p>El dispositivo contempla vigilancia tanto dentro como fuera del recinto ferial, adem\u00e1s de recorridos permanentes en los pabellones, el Teatro del Pueblo y los estacionamientos, as\u00ed como en todas las \u00e1reas que integran la FENAPO, con la encomienda de concluir por tercer a\u00f1o consecutivo con saldo blanco.<\/p>\n\n\n\n<p>La corporaci\u00f3n municipal destinar\u00e1 agentes operativos, de proximidad social y cadetes para sumarse a la estrategia de prevenci\u00f3n y seguridad, fomentando la confianza ciudadana y la reacci\u00f3n inmediata ante cualquier emergencia.<\/p>\n\n\n\n<p>En la reuni\u00f3n participaron representantes de la Guardia Nacional, Guardia Civil Estatal, Guardia Civil Estatal Divisi\u00f3n Caminos, Protecci\u00f3n Civil Estatal, as\u00ed como instituciones civiles, el Centro Regulador de Urgencias M\u00e9dicas (CRUM) y el Cuerpo de Bomberos Metropolitanos.<\/p>\n","protected":false},"excerpt":{"rendered":"<p>El titular de la Guardia Civil Municipal de Soledad de Graciano S\u00e1nchez, comisario Victor Aristarco Serna Pi\u00f1a, acudi\u00f3 a la tercera reuni\u00f3n del Plan Operativo que se desplegar\u00e1 en la Feria Nacional Potosina (FENAPO) 2025, con el objetivo de afinar detalles del apoyo y la participaci\u00f3n dentro de las acciones de seguridad para asistentes, expositores [&hellip;]<\/p>\n","protected":false},"author":2,"featured_media":21495,"comment_status":"open","ping_status":"open","sticky":false,"template":"","format":"standard","meta":{"footnotes":""},"categories":[1,24,19,21],"tags":[223,2483,294,276,261,27],"class_list":{"0":"post-21488","1":"post","2":"type-post","3":"status-publish","4":"format-standard","5":"has-post-thumbnail","7":"category-destacadas","8":"category-informacion-general","9":"category-seguridad","10":"category-tu-soledad","11":"tag-ayuntamiento-soledense","12":"tag-guardia-civil-municipal","13":"tag-san-luis","14":"tag-seguridad","15":"tag-slp","16":"tag-soledad"},"_links":{"self":[{"href":"https:\/\/cronicadesoledad.com\/index.php\/wp-json\/wp\/v2\/posts\/21488","targetHints":{"allow":["GET"]}}],"collection":[{"href":"https:\/\/cronicadesoledad.com\/index.php\/wp-json\/wp\/v2\/posts"}],"about":[{"href":"https:\/\/cronicadesoledad.com\/index.php\/wp-json\/wp\/v2\/types\/post"}],"author":[{"embeddable":true,"href":"https:\/\/cronicadesoledad.com\/index.php\/wp-json\/wp\/v2\/users\/2"}],"replies":[{"embeddable":true,"href":"https:\/\/cronicadesoledad.com\/index.php\/wp-json\/wp\/v2\/comments?post=21488"}],"version-history":[{"count":1,"href":"https:\/\/cronicadesoledad.com\/index.php\/wp-json\/wp\/v2\/posts\/21488\/revisions"}],"predecessor-version":[{"id":21499,"href":"https:\/\/cronicadesoledad.com\/index.php\/wp-json\/wp\/v2\/posts\/21488\/revisions\/21499"}],"wp:featuredmedia":[{"embeddable":true,"href":"https:\/\/cronicadesoledad.com\/index.php\/wp-json\/wp\/v2\/media\/21495"}],"wp:attachment":[{"href":"https:\/\/cronicadesoledad.com\/index.php\/wp-json\/wp\/v2\/media?parent=21488"}],"wp:term":[{"taxonomy":"category","embeddable":true,"href":"https:\/\/cronicadesoledad.com\/index.php\/wp-json\/wp\/v2\/categories?post=21488"},{"taxonomy":"post_tag","embeddable":true,"href":"https:\/\/cronicadesoledad.com\/index.php\/wp-json\/wp\/v2\/tags?post=21488"}],"curies":[{"name":"wp","href":"https:\/\/api.w.org\/{rel}","templated":true}]}}