{"id":21535,"date":"2025-07-31T22:41:01","date_gmt":"2025-08-01T04:41:01","guid":{"rendered":"https:\/\/cronicadesoledad.com\/?p=21535"},"modified":"2025-07-31T22:41:01","modified_gmt":"2025-08-01T04:41:01","slug":"detienen-a-conductor-de-trailer-por-causar-accidente-y-danar-patrullas-en-soledad","status":"publish","type":"post","link":"https:\/\/cronicadesoledad.com\/index.php\/2025\/07\/31\/detienen-a-conductor-de-trailer-por-causar-accidente-y-danar-patrullas-en-soledad\/","title":{"rendered":"Detienen a conductor de tr\u00e1iler por causar accidente y da\u00f1ar patrullas en Soledad"},"content":{"rendered":"\n<p>La <strong>Guardia Civil Municipal de Soledad de Graciano S\u00e1nchez<\/strong> detuvo a un <strong>conductor de tr\u00e1iler<\/strong> que evadi\u00f3 un <strong>filtro de seguridad vial<\/strong> en la <strong>carretera a Matehuala<\/strong>, y cuyo comportamiento provoc\u00f3 una <strong>persecuci\u00f3n<\/strong> que finaliz\u00f3 con un <strong>hecho de tr\u00e1nsito<\/strong> y <strong>da\u00f1os a unidades oficiales<\/strong>.<\/p>\n\n\n\n<p>El incidente se registr\u00f3 cuando el chofer, identificado como <strong>Luis &#8220;N&#8221;<\/strong>, de <strong>27 a\u00f1os de edad<\/strong>, desatendi\u00f3 la se\u00f1alizaci\u00f3n del dispositivo preventivo instalado por las autoridades municipales. El sujeto circulaba a <strong>exceso de velocidad<\/strong>, infringiendo lo establecido por el <strong>Reglamento de Seguridad Vial del municipio<\/strong>, y continu\u00f3 su trayecto hasta llegar a la <strong>colonia Central de Maquinaria<\/strong>, donde fue finalmente interceptado por agentes municipales.<\/p>\n\n\n\n<p>Durante la persecuci\u00f3n, el tractocami\u00f3n caus\u00f3 <strong>da\u00f1os materiales a dos patrullas<\/strong>, en el cruce de <strong>carretera a Matehuala<\/strong> con <strong>avenida Acceso Norte<\/strong>, sin que se reportaran personas lesionadas. Tras su detenci\u00f3n, se le inform\u00f3 al conductor que ser\u00eda presentado ante la autoridad correspondiente por su participaci\u00f3n en un <strong>hecho de tr\u00e1nsito<\/strong>, la <strong>afectaci\u00f3n a bienes p\u00fablicos<\/strong> y la <strong>violaci\u00f3n al art\u00edculo 142 del Reglamento de Seguridad Vial<\/strong>, que establece la obligaci\u00f3n de los veh\u00edculos de carga pesada de transitar por <strong>carriles perif\u00e9ricos<\/strong>.<\/p>\n\n\n\n<p>El detenido fue trasladado a la <strong>Barandilla Municipal<\/strong>, donde fue certificado m\u00e9dicamente por el <strong>m\u00e9dico legista<\/strong>. Posteriormente, ser\u00e1 puesto a disposici\u00f3n de la <strong>Fiscal\u00eda General del Estado de San Luis Potos\u00ed (FGESLP)<\/strong> para determinar su situaci\u00f3n jur\u00eddica conforme a derecho.<\/p>\n","protected":false},"excerpt":{"rendered":"<p>La Guardia Civil Municipal de Soledad de Graciano S\u00e1nchez detuvo a un conductor de tr\u00e1iler que evadi\u00f3 un filtro de seguridad vial en la carretera a Matehuala, y cuyo comportamiento provoc\u00f3 una persecuci\u00f3n que finaliz\u00f3 con un hecho de tr\u00e1nsito y da\u00f1os a unidades oficiales. El incidente se registr\u00f3 cuando el chofer, identificado como Luis [&hellip;]<\/p>\n","protected":false},"author":2,"featured_media":21536,"comment_status":"open","ping_status":"open","sticky":false,"template":"","format":"standard","meta":{"footnotes":""},"categories":[1,24,19],"tags":[1503,294,276,261,27,958],"class_list":{"0":"post-21535","1":"post","2":"type-post","3":"status-publish","4":"format-standard","5":"has-post-thumbnail","7":"category-destacadas","8":"category-informacion-general","9":"category-seguridad","10":"tag-detenido","11":"tag-san-luis","12":"tag-seguridad","13":"tag-slp","14":"tag-soledad","15":"tag-vialidad"},"_links":{"self":[{"href":"https:\/\/cronicadesoledad.com\/index.php\/wp-json\/wp\/v2\/posts\/21535","targetHints":{"allow":["GET"]}}],"collection":[{"href":"https:\/\/cronicadesoledad.com\/index.php\/wp-json\/wp\/v2\/posts"}],"about":[{"href":"https:\/\/cronicadesoledad.com\/index.php\/wp-json\/wp\/v2\/types\/post"}],"author":[{"embeddable":true,"href":"https:\/\/cronicadesoledad.com\/index.php\/wp-json\/wp\/v2\/users\/2"}],"replies":[{"embeddable":true,"href":"https:\/\/cronicadesoledad.com\/index.php\/wp-json\/wp\/v2\/comments?post=21535"}],"version-history":[{"count":1,"href":"https:\/\/cronicadesoledad.com\/index.php\/wp-json\/wp\/v2\/posts\/21535\/revisions"}],"predecessor-version":[{"id":21537,"href":"https:\/\/cronicadesoledad.com\/index.php\/wp-json\/wp\/v2\/posts\/21535\/revisions\/21537"}],"wp:featuredmedia":[{"embeddable":true,"href":"https:\/\/cronicadesoledad.com\/index.php\/wp-json\/wp\/v2\/media\/21536"}],"wp:attachment":[{"href":"https:\/\/cronicadesoledad.com\/index.php\/wp-json\/wp\/v2\/media?parent=21535"}],"wp:term":[{"taxonomy":"category","embeddable":true,"href":"https:\/\/cronicadesoledad.com\/index.php\/wp-json\/wp\/v2\/categories?post=21535"},{"taxonomy":"post_tag","embeddable":true,"href":"https:\/\/cronicadesoledad.com\/index.php\/wp-json\/wp\/v2\/tags?post=21535"}],"curies":[{"name":"wp","href":"https:\/\/api.w.org\/{rel}","templated":true}]}}