{"id":21719,"date":"2025-08-06T19:42:35","date_gmt":"2025-08-07T01:42:35","guid":{"rendered":"https:\/\/cronicadesoledad.com\/?p=21719"},"modified":"2025-08-06T19:42:37","modified_gmt":"2025-08-07T01:42:37","slug":"alcalde-de-soledad-respalda-fortalecimiento-de-la-guardia-civil-estatal","status":"publish","type":"post","link":"https:\/\/cronicadesoledad.com\/index.php\/2025\/08\/06\/alcalde-de-soledad-respalda-fortalecimiento-de-la-guardia-civil-estatal\/","title":{"rendered":"Alcalde de Soledad respalda fortalecimiento de la Guardia Civil Estatal"},"content":{"rendered":"\n<p>El <strong>Alcalde de Soledad de Graciano S\u00e1nchez<\/strong>, <strong>Juan Manuel Navarro Mu\u00f1iz<\/strong>, expres\u00f3 su respaldo a la estrategia de seguridad del <strong>Gobernador Ricardo Gallardo Cardona<\/strong>, que incluye una inversi\u00f3n de <strong>m\u00e1s de 600 millones de pesos<\/strong> en equipamiento para la <strong>Guardia Civil Estatal (GCE)<\/strong>.<\/p>\n\n\n\n<p>Durante el evento de presentaci\u00f3n de nuevas <strong>unidades vehiculares<\/strong>, <strong>tecnolog\u00eda de videovigilancia<\/strong> y un <strong>helic\u00f3ptero t\u00e1ctico<\/strong>, el Alcalde reconoci\u00f3 el impacto de estas acciones en la <strong>protecci\u00f3n directa de la ciudadan\u00eda<\/strong>, especialmente en los municipios como Soledad.<\/p>\n\n\n\n<p>Navarro Mu\u00f1iz destac\u00f3 que gracias a la colaboraci\u00f3n institucional entre los tres niveles de gobierno, en Soledad se ha logrado una <strong>reducci\u00f3n de delitos de bajo impacto<\/strong>, con <strong>respuestas m\u00e1s r\u00e1pidas<\/strong> a los reportes de emergencia.<\/p>\n\n\n\n<p>Reafirm\u00f3 que la <strong>coordinaci\u00f3n estatal y municipal<\/strong> permite mantener un entorno m\u00e1s seguro, y asegur\u00f3 que el Gobierno de Soledad continuar\u00e1 actuando con <strong>responsabilidad, compromiso<\/strong> y <strong>escucha activa<\/strong>, con la seguridad como <strong>prioridad compartida<\/strong>.<\/p>\n","protected":false},"excerpt":{"rendered":"<p>El Alcalde de Soledad de Graciano S\u00e1nchez, Juan Manuel Navarro Mu\u00f1iz, expres\u00f3 su respaldo a la estrategia de seguridad del Gobernador Ricardo Gallardo Cardona, que incluye una inversi\u00f3n de m\u00e1s de 600 millones de pesos en equipamiento para la Guardia Civil Estatal (GCE). Durante el evento de presentaci\u00f3n de nuevas unidades vehiculares, tecnolog\u00eda de videovigilancia [&hellip;]<\/p>\n","protected":false},"author":2,"featured_media":21720,"comment_status":"open","ping_status":"open","sticky":false,"template":"","format":"standard","meta":{"footnotes":""},"categories":[1,24,19,21],"tags":[223,1913,294,276,261,27],"class_list":{"0":"post-21719","1":"post","2":"type-post","3":"status-publish","4":"format-standard","5":"has-post-thumbnail","7":"category-destacadas","8":"category-informacion-general","9":"category-seguridad","10":"category-tu-soledad","11":"tag-ayuntamiento-soledense","12":"tag-gce","13":"tag-san-luis","14":"tag-seguridad","15":"tag-slp","16":"tag-soledad"},"_links":{"self":[{"href":"https:\/\/cronicadesoledad.com\/index.php\/wp-json\/wp\/v2\/posts\/21719","targetHints":{"allow":["GET"]}}],"collection":[{"href":"https:\/\/cronicadesoledad.com\/index.php\/wp-json\/wp\/v2\/posts"}],"about":[{"href":"https:\/\/cronicadesoledad.com\/index.php\/wp-json\/wp\/v2\/types\/post"}],"author":[{"embeddable":true,"href":"https:\/\/cronicadesoledad.com\/index.php\/wp-json\/wp\/v2\/users\/2"}],"replies":[{"embeddable":true,"href":"https:\/\/cronicadesoledad.com\/index.php\/wp-json\/wp\/v2\/comments?post=21719"}],"version-history":[{"count":1,"href":"https:\/\/cronicadesoledad.com\/index.php\/wp-json\/wp\/v2\/posts\/21719\/revisions"}],"predecessor-version":[{"id":21721,"href":"https:\/\/cronicadesoledad.com\/index.php\/wp-json\/wp\/v2\/posts\/21719\/revisions\/21721"}],"wp:featuredmedia":[{"embeddable":true,"href":"https:\/\/cronicadesoledad.com\/index.php\/wp-json\/wp\/v2\/media\/21720"}],"wp:attachment":[{"href":"https:\/\/cronicadesoledad.com\/index.php\/wp-json\/wp\/v2\/media?parent=21719"}],"wp:term":[{"taxonomy":"category","embeddable":true,"href":"https:\/\/cronicadesoledad.com\/index.php\/wp-json\/wp\/v2\/categories?post=21719"},{"taxonomy":"post_tag","embeddable":true,"href":"https:\/\/cronicadesoledad.com\/index.php\/wp-json\/wp\/v2\/tags?post=21719"}],"curies":[{"name":"wp","href":"https:\/\/api.w.org\/{rel}","templated":true}]}}