{"id":21820,"date":"2025-08-11T03:10:00","date_gmt":"2025-08-11T09:10:00","guid":{"rendered":"https:\/\/cronicadesoledad.com\/?p=21820"},"modified":"2025-08-11T01:48:19","modified_gmt":"2025-08-11T07:48:19","slug":"programa-regreso-a-clases-beneficia-a-miles-de-estudiantes","status":"publish","type":"post","link":"https:\/\/cronicadesoledad.com\/index.php\/2025\/08\/11\/programa-regreso-a-clases-beneficia-a-miles-de-estudiantes\/","title":{"rendered":"Programa \u201cRegreso a Clases\u201d beneficia a miles de estudiantes"},"content":{"rendered":"\n<p>El Alcalde de Soledad de Graciano S\u00e1nchez, Juan Manuel Navarro Mu\u00f1iz, anunci\u00f3 el inicio de la entrega del programa \u201cRegreso a Clases\u201d, iniciativa de apoyo social dirigida a estudiantes de nivel b\u00e1sico, que busca aliviar el impacto econ\u00f3mico del ciclo escolar al proporcionar de manera gratuita mochilas, \u00fatiles escolares y calzado.<\/p>\n\n\n\n<p>Actualmente, el padr\u00f3n de beneficiarios contempla a m\u00e1s de 20 mil alumnas y alumnos de primaria y secundaria, lo que refleja el alcance de este esfuerzo municipal. La iniciativa ha sido considerada como un modelo efectivo de pol\u00edtica social, al punto de que se prev\u00e9 su replicaci\u00f3n en otros municipios por impulso del Gobierno del Estado.<\/p>\n\n\n\n<p>El programa forma parte de la pol\u00edtica de desarrollo social del Ayuntamiento, enfocada en garantizar condiciones dignas de estudio, prevenir la deserci\u00f3n escolar y apoyar de manera directa a las familias con mayores necesidades econ\u00f3micas.<\/p>\n\n\n\n<p>La administraci\u00f3n municipal reafirma su compromiso con la educaci\u00f3n, colocando a la ni\u00f1ez y la juventud como ejes fundamentales para el crecimiento del municipio.<\/p>\n","protected":false},"excerpt":{"rendered":"<p>El Alcalde de Soledad de Graciano S\u00e1nchez, Juan Manuel Navarro Mu\u00f1iz, anunci\u00f3 el inicio de la entrega del programa \u201cRegreso a Clases\u201d, iniciativa de apoyo social dirigida a estudiantes de nivel b\u00e1sico, que busca aliviar el impacto econ\u00f3mico del ciclo escolar al proporcionar de manera gratuita mochilas, \u00fatiles escolares y calzado. Actualmente, el padr\u00f3n de [&hellip;]<\/p>\n","protected":false},"author":2,"featured_media":21626,"comment_status":"open","ping_status":"open","sticky":false,"template":"","format":"standard","meta":{"footnotes":""},"categories":[1,24,21],"tags":[223,1888,2603,294,261,27],"class_list":{"0":"post-21820","1":"post","2":"type-post","3":"status-publish","4":"format-standard","5":"has-post-thumbnail","7":"category-destacadas","8":"category-informacion-general","9":"category-tu-soledad","10":"tag-ayuntamiento-soledense","11":"tag-educacion-2","12":"tag-regreso-a-clases","13":"tag-san-luis","14":"tag-slp","15":"tag-soledad"},"_links":{"self":[{"href":"https:\/\/cronicadesoledad.com\/index.php\/wp-json\/wp\/v2\/posts\/21820","targetHints":{"allow":["GET"]}}],"collection":[{"href":"https:\/\/cronicadesoledad.com\/index.php\/wp-json\/wp\/v2\/posts"}],"about":[{"href":"https:\/\/cronicadesoledad.com\/index.php\/wp-json\/wp\/v2\/types\/post"}],"author":[{"embeddable":true,"href":"https:\/\/cronicadesoledad.com\/index.php\/wp-json\/wp\/v2\/users\/2"}],"replies":[{"embeddable":true,"href":"https:\/\/cronicadesoledad.com\/index.php\/wp-json\/wp\/v2\/comments?post=21820"}],"version-history":[{"count":1,"href":"https:\/\/cronicadesoledad.com\/index.php\/wp-json\/wp\/v2\/posts\/21820\/revisions"}],"predecessor-version":[{"id":21821,"href":"https:\/\/cronicadesoledad.com\/index.php\/wp-json\/wp\/v2\/posts\/21820\/revisions\/21821"}],"wp:featuredmedia":[{"embeddable":true,"href":"https:\/\/cronicadesoledad.com\/index.php\/wp-json\/wp\/v2\/media\/21626"}],"wp:attachment":[{"href":"https:\/\/cronicadesoledad.com\/index.php\/wp-json\/wp\/v2\/media?parent=21820"}],"wp:term":[{"taxonomy":"category","embeddable":true,"href":"https:\/\/cronicadesoledad.com\/index.php\/wp-json\/wp\/v2\/categories?post=21820"},{"taxonomy":"post_tag","embeddable":true,"href":"https:\/\/cronicadesoledad.com\/index.php\/wp-json\/wp\/v2\/tags?post=21820"}],"curies":[{"name":"wp","href":"https:\/\/api.w.org\/{rel}","templated":true}]}}