{"id":21848,"date":"2025-08-11T18:49:07","date_gmt":"2025-08-12T00:49:07","guid":{"rendered":"https:\/\/cronicadesoledad.com\/?p=21848"},"modified":"2025-08-11T18:49:08","modified_gmt":"2025-08-12T00:49:08","slug":"soledad-pone-en-marcha-el-campamento-cultural-fabrica-de-suenos","status":"publish","type":"post","link":"https:\/\/cronicadesoledad.com\/index.php\/2025\/08\/11\/soledad-pone-en-marcha-el-campamento-cultural-fabrica-de-suenos\/","title":{"rendered":"Soledad pone en marcha el campamento cultural \u201cF\u00e1brica de Sue\u00f1os\u201d"},"content":{"rendered":"\n<p>El <strong>Ayuntamiento de Soledad de Graciano S\u00e1nchez<\/strong> inaugur\u00f3 el <strong>campamento cultural \u201cF\u00e1brica de Sue\u00f1os\u201d<\/strong> en la <strong>Casa de la Cultura<\/strong>, con talleres de pintura, escultura, dibujo, din\u00e1micas l\u00fadicas y ense\u00f1anza de valores.<\/p>\n\n\n\n<p>El <strong>director de Turismo y Cultura Municipal<\/strong>, <strong>Felipe C\u00e1rdenas Quibrera<\/strong>, inform\u00f3 que las actividades se realizan de <strong>lunes a viernes de 9:00 a 14:00 horas<\/strong> y est\u00e1n dise\u00f1adas para ofrecer a las familias una opci\u00f3n segura y gratuita durante agosto, con el respaldo del Ayuntamiento en espacios y materiales.<\/p>\n\n\n\n<p>El programa incluye <strong>excursiones semanales<\/strong> y eventos especiales, promoviendo la cultura como un derecho accesible y una herramienta de desarrollo integral para la ni\u00f1ez soledense.<\/p>\n","protected":false},"excerpt":{"rendered":"<p>El Ayuntamiento de Soledad de Graciano S\u00e1nchez inaugur\u00f3 el campamento cultural \u201cF\u00e1brica de Sue\u00f1os\u201d en la Casa de la Cultura, con talleres de pintura, escultura, dibujo, din\u00e1micas l\u00fadicas y ense\u00f1anza de valores. El director de Turismo y Cultura Municipal, Felipe C\u00e1rdenas Quibrera, inform\u00f3 que las actividades se realizan de lunes a viernes de 9:00 a [&hellip;]<\/p>\n","protected":false},"author":2,"featured_media":21849,"comment_status":"open","ping_status":"open","sticky":false,"template":"","format":"standard","meta":{"footnotes":""},"categories":[1,24,21],"tags":[223,2185,4740,294,261,27],"class_list":{"0":"post-21848","1":"post","2":"type-post","3":"status-publish","4":"format-standard","5":"has-post-thumbnail","7":"category-destacadas","8":"category-informacion-general","9":"category-tu-soledad","10":"tag-ayuntamiento-soledense","11":"tag-campamento","12":"tag-fabrica-de-suenos","13":"tag-san-luis","14":"tag-slp","15":"tag-soledad"},"_links":{"self":[{"href":"https:\/\/cronicadesoledad.com\/index.php\/wp-json\/wp\/v2\/posts\/21848","targetHints":{"allow":["GET"]}}],"collection":[{"href":"https:\/\/cronicadesoledad.com\/index.php\/wp-json\/wp\/v2\/posts"}],"about":[{"href":"https:\/\/cronicadesoledad.com\/index.php\/wp-json\/wp\/v2\/types\/post"}],"author":[{"embeddable":true,"href":"https:\/\/cronicadesoledad.com\/index.php\/wp-json\/wp\/v2\/users\/2"}],"replies":[{"embeddable":true,"href":"https:\/\/cronicadesoledad.com\/index.php\/wp-json\/wp\/v2\/comments?post=21848"}],"version-history":[{"count":1,"href":"https:\/\/cronicadesoledad.com\/index.php\/wp-json\/wp\/v2\/posts\/21848\/revisions"}],"predecessor-version":[{"id":21850,"href":"https:\/\/cronicadesoledad.com\/index.php\/wp-json\/wp\/v2\/posts\/21848\/revisions\/21850"}],"wp:featuredmedia":[{"embeddable":true,"href":"https:\/\/cronicadesoledad.com\/index.php\/wp-json\/wp\/v2\/media\/21849"}],"wp:attachment":[{"href":"https:\/\/cronicadesoledad.com\/index.php\/wp-json\/wp\/v2\/media?parent=21848"}],"wp:term":[{"taxonomy":"category","embeddable":true,"href":"https:\/\/cronicadesoledad.com\/index.php\/wp-json\/wp\/v2\/categories?post=21848"},{"taxonomy":"post_tag","embeddable":true,"href":"https:\/\/cronicadesoledad.com\/index.php\/wp-json\/wp\/v2\/tags?post=21848"}],"curies":[{"name":"wp","href":"https:\/\/api.w.org\/{rel}","templated":true}]}}