{"id":21851,"date":"2025-08-11T18:52:54","date_gmt":"2025-08-12T00:52:54","guid":{"rendered":"https:\/\/cronicadesoledad.com\/?p=21851"},"modified":"2025-08-11T18:52:55","modified_gmt":"2025-08-12T00:52:55","slug":"ayuntamiento-de-soledad-capacita-a-personal-en-derechos-humanos-para-mejorar-atencion-ciudadana","status":"publish","type":"post","link":"https:\/\/cronicadesoledad.com\/index.php\/2025\/08\/11\/ayuntamiento-de-soledad-capacita-a-personal-en-derechos-humanos-para-mejorar-atencion-ciudadana\/","title":{"rendered":"Ayuntamiento de Soledad capacita a personal en Derechos Humanos para mejorar atenci\u00f3n ciudadana"},"content":{"rendered":"\n<p>En cumplimiento a las pol\u00edticas de atenci\u00f3n impulsadas por el <strong>Alcalde Juan Manuel Navarro Mu\u00f1iz<\/strong>, el <strong>Ayuntamiento de Soledad de Graciano S\u00e1nchez<\/strong>, a trav\u00e9s de la <strong>Direcci\u00f3n de Ecolog\u00eda Municipal<\/strong>, imparti\u00f3 un curso de <strong>Derechos Humanos<\/strong> con el apoyo de la <strong>Comisi\u00f3n Estatal de Derechos Humanos (CEDH)<\/strong>.<\/p>\n\n\n\n<p>El <strong>Oficial Mayor<\/strong>, <strong>Luis Gerardo Ruiz Ibarra<\/strong>, destac\u00f3 que el objetivo es que cada interacci\u00f3n con la ciudadan\u00eda se realice con <strong>respeto, legalidad y profesionalismo<\/strong>, fortaleciendo la confianza en la funci\u00f3n p\u00fablica.<\/p>\n\n\n\n<p>La capacitaci\u00f3n forma parte de un programa integral para sensibilizar a todas las \u00e1reas municipales que mantienen contacto directo con la poblaci\u00f3n.<\/p>\n","protected":false},"excerpt":{"rendered":"<p>En cumplimiento a las pol\u00edticas de atenci\u00f3n impulsadas por el Alcalde Juan Manuel Navarro Mu\u00f1iz, el Ayuntamiento de Soledad de Graciano S\u00e1nchez, a trav\u00e9s de la Direcci\u00f3n de Ecolog\u00eda Municipal, imparti\u00f3 un curso de Derechos Humanos con el apoyo de la Comisi\u00f3n Estatal de Derechos Humanos (CEDH). El Oficial Mayor, Luis Gerardo Ruiz Ibarra, destac\u00f3 [&hellip;]<\/p>\n","protected":false},"author":2,"featured_media":21852,"comment_status":"open","ping_status":"open","sticky":false,"template":"","format":"standard","meta":{"footnotes":""},"categories":[1,24,21],"tags":[223,285,294,261,27],"class_list":{"0":"post-21851","1":"post","2":"type-post","3":"status-publish","4":"format-standard","5":"has-post-thumbnail","7":"category-destacadas","8":"category-informacion-general","9":"category-tu-soledad","10":"tag-ayuntamiento-soledense","11":"tag-derechos-humanos","12":"tag-san-luis","13":"tag-slp","14":"tag-soledad"},"_links":{"self":[{"href":"https:\/\/cronicadesoledad.com\/index.php\/wp-json\/wp\/v2\/posts\/21851","targetHints":{"allow":["GET"]}}],"collection":[{"href":"https:\/\/cronicadesoledad.com\/index.php\/wp-json\/wp\/v2\/posts"}],"about":[{"href":"https:\/\/cronicadesoledad.com\/index.php\/wp-json\/wp\/v2\/types\/post"}],"author":[{"embeddable":true,"href":"https:\/\/cronicadesoledad.com\/index.php\/wp-json\/wp\/v2\/users\/2"}],"replies":[{"embeddable":true,"href":"https:\/\/cronicadesoledad.com\/index.php\/wp-json\/wp\/v2\/comments?post=21851"}],"version-history":[{"count":1,"href":"https:\/\/cronicadesoledad.com\/index.php\/wp-json\/wp\/v2\/posts\/21851\/revisions"}],"predecessor-version":[{"id":21853,"href":"https:\/\/cronicadesoledad.com\/index.php\/wp-json\/wp\/v2\/posts\/21851\/revisions\/21853"}],"wp:featuredmedia":[{"embeddable":true,"href":"https:\/\/cronicadesoledad.com\/index.php\/wp-json\/wp\/v2\/media\/21852"}],"wp:attachment":[{"href":"https:\/\/cronicadesoledad.com\/index.php\/wp-json\/wp\/v2\/media?parent=21851"}],"wp:term":[{"taxonomy":"category","embeddable":true,"href":"https:\/\/cronicadesoledad.com\/index.php\/wp-json\/wp\/v2\/categories?post=21851"},{"taxonomy":"post_tag","embeddable":true,"href":"https:\/\/cronicadesoledad.com\/index.php\/wp-json\/wp\/v2\/tags?post=21851"}],"curies":[{"name":"wp","href":"https:\/\/api.w.org\/{rel}","templated":true}]}}