{"id":21854,"date":"2025-08-11T18:54:12","date_gmt":"2025-08-12T00:54:12","guid":{"rendered":"https:\/\/cronicadesoledad.com\/?p=21854"},"modified":"2025-08-11T18:54:12","modified_gmt":"2025-08-12T00:54:12","slug":"gobierno-de-soledad-impulsa-la-lectura-infantil-con-curso-gratuito-de-cuentacuentos","status":"publish","type":"post","link":"https:\/\/cronicadesoledad.com\/index.php\/2025\/08\/11\/gobierno-de-soledad-impulsa-la-lectura-infantil-con-curso-gratuito-de-cuentacuentos\/","title":{"rendered":"Gobierno de Soledad impulsa la lectura infantil con curso gratuito de cuentacuentos"},"content":{"rendered":"\n<p>El <strong>Ayuntamiento de Soledad de Graciano S\u00e1nchez<\/strong> inici\u00f3 el <strong>taller de cuentacuentos y c\u00edrculo de lectura<\/strong> en cuatro <strong>bibliotecas p\u00fablicas municipales<\/strong>, con sesiones de 8:00 a 10:00 y de 10:00 a 12:00 horas.<\/p>\n\n\n\n<p>La <strong>coordinadora de Bibliotecas P\u00fablicas Municipales<\/strong>, <strong>Mar\u00eda Guadalupe Cort\u00e9s Segura<\/strong>, explic\u00f3 que el curso fomenta el acercamiento a la lectura a trav\u00e9s de cuentos de la <strong>edici\u00f3n bicentenario<\/strong> y materiales de los <strong>libros de texto gratuitos<\/strong>.<\/p>\n\n\n\n<p>La actividad, con duraci\u00f3n de dos semanas, concluir\u00e1 con una convivencia familiar, fortaleciendo la relaci\u00f3n entre el Ayuntamiento y la comunidad.<\/p>\n","protected":false},"excerpt":{"rendered":"<p>El Ayuntamiento de Soledad de Graciano S\u00e1nchez inici\u00f3 el taller de cuentacuentos y c\u00edrculo de lectura en cuatro bibliotecas p\u00fablicas municipales, con sesiones de 8:00 a 10:00 y de 10:00 a 12:00 horas. La coordinadora de Bibliotecas P\u00fablicas Municipales, Mar\u00eda Guadalupe Cort\u00e9s Segura, explic\u00f3 que el curso fomenta el acercamiento a la lectura a trav\u00e9s [&hellip;]<\/p>\n","protected":false},"author":2,"featured_media":21855,"comment_status":"open","ping_status":"open","sticky":false,"template":"","format":"standard","meta":{"footnotes":""},"categories":[1,24,21],"tags":[223,1130,294,261,27],"class_list":{"0":"post-21854","1":"post","2":"type-post","3":"status-publish","4":"format-standard","5":"has-post-thumbnail","7":"category-destacadas","8":"category-informacion-general","9":"category-tu-soledad","10":"tag-ayuntamiento-soledense","11":"tag-lectura","12":"tag-san-luis","13":"tag-slp","14":"tag-soledad"},"_links":{"self":[{"href":"https:\/\/cronicadesoledad.com\/index.php\/wp-json\/wp\/v2\/posts\/21854","targetHints":{"allow":["GET"]}}],"collection":[{"href":"https:\/\/cronicadesoledad.com\/index.php\/wp-json\/wp\/v2\/posts"}],"about":[{"href":"https:\/\/cronicadesoledad.com\/index.php\/wp-json\/wp\/v2\/types\/post"}],"author":[{"embeddable":true,"href":"https:\/\/cronicadesoledad.com\/index.php\/wp-json\/wp\/v2\/users\/2"}],"replies":[{"embeddable":true,"href":"https:\/\/cronicadesoledad.com\/index.php\/wp-json\/wp\/v2\/comments?post=21854"}],"version-history":[{"count":1,"href":"https:\/\/cronicadesoledad.com\/index.php\/wp-json\/wp\/v2\/posts\/21854\/revisions"}],"predecessor-version":[{"id":21856,"href":"https:\/\/cronicadesoledad.com\/index.php\/wp-json\/wp\/v2\/posts\/21854\/revisions\/21856"}],"wp:featuredmedia":[{"embeddable":true,"href":"https:\/\/cronicadesoledad.com\/index.php\/wp-json\/wp\/v2\/media\/21855"}],"wp:attachment":[{"href":"https:\/\/cronicadesoledad.com\/index.php\/wp-json\/wp\/v2\/media?parent=21854"}],"wp:term":[{"taxonomy":"category","embeddable":true,"href":"https:\/\/cronicadesoledad.com\/index.php\/wp-json\/wp\/v2\/categories?post=21854"},{"taxonomy":"post_tag","embeddable":true,"href":"https:\/\/cronicadesoledad.com\/index.php\/wp-json\/wp\/v2\/tags?post=21854"}],"curies":[{"name":"wp","href":"https:\/\/api.w.org\/{rel}","templated":true}]}}