{"id":21910,"date":"2025-08-12T21:49:25","date_gmt":"2025-08-13T03:49:25","guid":{"rendered":"https:\/\/cronicadesoledad.com\/?p=21910"},"modified":"2025-08-12T21:49:25","modified_gmt":"2025-08-13T03:49:25","slug":"gobierno-municipal-de-soledad-impulsa-capacitacion-en-servicios-turisticos-de-excelencia","status":"publish","type":"post","link":"https:\/\/cronicadesoledad.com\/index.php\/2025\/08\/12\/gobierno-municipal-de-soledad-impulsa-capacitacion-en-servicios-turisticos-de-excelencia\/","title":{"rendered":"Gobierno Municipal de Soledad impulsa capacitaci\u00f3n en servicios tur\u00edsticos de excelencia"},"content":{"rendered":"\n<p>El <strong>Gobierno Municipal de Soledad de Graciano S\u00e1nchez<\/strong>, a trav\u00e9s de la <strong>Direcci\u00f3n de Turismo<\/strong>, respald\u00f3 la realizaci\u00f3n del curso <strong>\u201cCalidad en los Servicios Tur\u00edsticos\u201d<\/strong>, con el objetivo de fortalecer las habilidades del personal que tiene contacto directo con visitantes y familias locales, consolidando al municipio como un referente en atenci\u00f3n de calidad.<\/p>\n\n\n\n<p>La capacitaci\u00f3n fue impartida por <strong>Fred Hern\u00e1ndez<\/strong>, Jefe de Capacitaci\u00f3n de la <strong>Secretar\u00eda de Turismo del Estado<\/strong>, y estuvo dirigida a <strong>recepcionistas, botones, camaristas, meseros, cocineros, personal de tr\u00e1nsito, polic\u00edas<\/strong> y <strong>prestadores de servicios tur\u00edsticos<\/strong>. Durante la sesi\u00f3n se resalt\u00f3 que el profesionalismo de este sector es determinante para la impresi\u00f3n que los turistas se llevan del municipio y del estado.<\/p>\n\n\n\n<p>En lo que va del a\u00f1o, el Ayuntamiento ha promovido cinco cursos presenciales y diversas sesiones virtuales que han abordado temas como <strong>atenci\u00f3n a meseros, camaristas y anfitriones tur\u00edsticos<\/strong>, reforzando la visi\u00f3n del Gobierno Municipal de escuchar y atender las necesidades del sector.<\/p>\n\n\n\n<p>Con estas acciones, <strong>Soledad de Graciano S\u00e1nchez<\/strong> reafirma que el <strong>turismo<\/strong> es una oportunidad de desarrollo econ\u00f3mico y que la preparaci\u00f3n constante de su gente es clave para proyectar una imagen cercana, c\u00e1lida y profesional, convirtiendo cada experiencia de visita en la mejor carta de presentaci\u00f3n del municipio.<\/p>\n","protected":false},"excerpt":{"rendered":"<p>El Gobierno Municipal de Soledad de Graciano S\u00e1nchez, a trav\u00e9s de la Direcci\u00f3n de Turismo, respald\u00f3 la realizaci\u00f3n del curso \u201cCalidad en los Servicios Tur\u00edsticos\u201d, con el objetivo de fortalecer las habilidades del personal que tiene contacto directo con visitantes y familias locales, consolidando al municipio como un referente en atenci\u00f3n de calidad. La capacitaci\u00f3n [&hellip;]<\/p>\n","protected":false},"author":2,"featured_media":21911,"comment_status":"open","ping_status":"open","sticky":false,"template":"","format":"standard","meta":{"footnotes":""},"categories":[1,24,21],"tags":[223,294,261,27,370],"class_list":{"0":"post-21910","1":"post","2":"type-post","3":"status-publish","4":"format-standard","5":"has-post-thumbnail","7":"category-destacadas","8":"category-informacion-general","9":"category-tu-soledad","10":"tag-ayuntamiento-soledense","11":"tag-san-luis","12":"tag-slp","13":"tag-soledad","14":"tag-turismo"},"_links":{"self":[{"href":"https:\/\/cronicadesoledad.com\/index.php\/wp-json\/wp\/v2\/posts\/21910","targetHints":{"allow":["GET"]}}],"collection":[{"href":"https:\/\/cronicadesoledad.com\/index.php\/wp-json\/wp\/v2\/posts"}],"about":[{"href":"https:\/\/cronicadesoledad.com\/index.php\/wp-json\/wp\/v2\/types\/post"}],"author":[{"embeddable":true,"href":"https:\/\/cronicadesoledad.com\/index.php\/wp-json\/wp\/v2\/users\/2"}],"replies":[{"embeddable":true,"href":"https:\/\/cronicadesoledad.com\/index.php\/wp-json\/wp\/v2\/comments?post=21910"}],"version-history":[{"count":1,"href":"https:\/\/cronicadesoledad.com\/index.php\/wp-json\/wp\/v2\/posts\/21910\/revisions"}],"predecessor-version":[{"id":21912,"href":"https:\/\/cronicadesoledad.com\/index.php\/wp-json\/wp\/v2\/posts\/21910\/revisions\/21912"}],"wp:featuredmedia":[{"embeddable":true,"href":"https:\/\/cronicadesoledad.com\/index.php\/wp-json\/wp\/v2\/media\/21911"}],"wp:attachment":[{"href":"https:\/\/cronicadesoledad.com\/index.php\/wp-json\/wp\/v2\/media?parent=21910"}],"wp:term":[{"taxonomy":"category","embeddable":true,"href":"https:\/\/cronicadesoledad.com\/index.php\/wp-json\/wp\/v2\/categories?post=21910"},{"taxonomy":"post_tag","embeddable":true,"href":"https:\/\/cronicadesoledad.com\/index.php\/wp-json\/wp\/v2\/tags?post=21910"}],"curies":[{"name":"wp","href":"https:\/\/api.w.org\/{rel}","templated":true}]}}