{"id":22034,"date":"2025-08-18T01:54:01","date_gmt":"2025-08-18T07:54:01","guid":{"rendered":"https:\/\/cronicadesoledad.com\/?p=22034"},"modified":"2025-08-18T01:54:01","modified_gmt":"2025-08-18T07:54:01","slug":"jorge-valdano-inspira-con-lecciones-de-liderazgo","status":"publish","type":"post","link":"https:\/\/cronicadesoledad.com\/index.php\/2025\/08\/18\/jorge-valdano-inspira-con-lecciones-de-liderazgo\/","title":{"rendered":"Jorge Valdano inspira con lecciones de liderazgo"},"content":{"rendered":"\n<p>El exfutbolista argentino Jorge Valdano Castellanos, campe\u00f3n del mundo en M\u00e9xico 1986, visit\u00f3 la Facultad de Ciencias de la Comunicaci\u00f3n de la Universidad Aut\u00f3noma de San Luis Potos\u00ed para impartir la conferencia \u201cLos 11 poderes del l\u00edder\u201d, en el marco del 40 aniversario de la instituci\u00f3n. Ante un auditorio lleno de estudiantes y aficionados, el exjugador del Real Madrid reflexion\u00f3 sobre el f\u00fatbol como el fen\u00f3meno cultural m\u00e1s grande del planeta, capaz de romper barreras, transmitir identidad y convertirse en un poderoso veh\u00edculo de comunicaci\u00f3n.<\/p>\n\n\n\n<p>Nacido en Belgrano, provincia de Santa Fe, Argentina, Valdano relat\u00f3 su trayectoria en clubes como Newell\u2019s Old Boys, Deportivo Alav\u00e9s, Tenerife, Zaragoza y Real Madrid, as\u00ed como su experiencia en la Copa del Mundo de 1986. Comparti\u00f3 dos momentos clave de aquel torneo: primero, una jugada fallida frente al arco rival en la semifinal, que le ense\u00f1\u00f3 a no precipitarse; y segundo, el gol que marc\u00f3 en la final contra Alemania, celebrado junto a su compa\u00f1ero Marcelo Trobbiani, a quien record\u00f3 como un apoyo fundamental en los momentos dif\u00edciles.<\/p>\n\n\n\n<p>Durante su exposici\u00f3n, el tambi\u00e9n exentrenador y director deportivo detall\u00f3 sus once pasos para el liderazgo: credibilidad, respeto, palabra, estilo, curiosidad, pasi\u00f3n, talento, confianza, trabajo en equipo, humildad y \u00e9xito colectivo. Subray\u00f3 que el equipo es un \u201cestado de \u00e1nimo\u201d y que la confianza se multiplica cuando se brinda, mientras que la humildad y la mejora continua son obligaciones profesionales. Adem\u00e1s, record\u00f3 su gesti\u00f3n como directivo en el Real Madrid, donde apost\u00f3 por j\u00f3venes talentos como Ra\u00fal Gonz\u00e1lez, a pesar de las cr\u00edticas iniciales, destacando la importancia de creer y respaldar a los miembros de un equipo.<\/p>\n\n\n\n<p>Valdano insisti\u00f3 en que el error es parte del camino y que la superaci\u00f3n personal se construye a partir de las ca\u00eddas. \u201cEl f\u00fatbol es un juego, pero sobre todo es emoci\u00f3n\u201d, afirm\u00f3, motivando a los asistentes a aplicar estas lecciones tanto en el deporte como en la vida. Su mensaje final fue claro: el verdadero \u00e9xito se alcanza \u00fanicamente cuando se comparte con los dem\u00e1s.<\/p>\n","protected":false},"excerpt":{"rendered":"<p>El exfutbolista argentino Jorge Valdano Castellanos, campe\u00f3n del mundo en M\u00e9xico 1986, visit\u00f3 la Facultad de Ciencias de la Comunicaci\u00f3n de la Universidad Aut\u00f3noma de San Luis Potos\u00ed para impartir la conferencia \u201cLos 11 poderes del l\u00edder\u201d, en el marco del 40 aniversario de la instituci\u00f3n. Ante un auditorio lleno de estudiantes y aficionados, el [&hellip;]<\/p>\n","protected":false},"author":2,"featured_media":22035,"comment_status":"open","ping_status":"open","sticky":false,"template":"","format":"standard","meta":{"footnotes":""},"categories":[20,24],"tags":[1981,271,272,288,4763,287,294,261],"class_list":{"0":"post-22034","1":"post","2":"type-post","3":"status-publish","4":"format-standard","5":"has-post-thumbnail","7":"category-cronica-deportiva","8":"category-informacion-general","9":"tag-cronica-deportiva-2","10":"tag-deporte","11":"tag-futbol","12":"tag-internacional","13":"tag-jorge-valdano","14":"tag-nacional","15":"tag-san-luis","16":"tag-slp"},"_links":{"self":[{"href":"https:\/\/cronicadesoledad.com\/index.php\/wp-json\/wp\/v2\/posts\/22034","targetHints":{"allow":["GET"]}}],"collection":[{"href":"https:\/\/cronicadesoledad.com\/index.php\/wp-json\/wp\/v2\/posts"}],"about":[{"href":"https:\/\/cronicadesoledad.com\/index.php\/wp-json\/wp\/v2\/types\/post"}],"author":[{"embeddable":true,"href":"https:\/\/cronicadesoledad.com\/index.php\/wp-json\/wp\/v2\/users\/2"}],"replies":[{"embeddable":true,"href":"https:\/\/cronicadesoledad.com\/index.php\/wp-json\/wp\/v2\/comments?post=22034"}],"version-history":[{"count":1,"href":"https:\/\/cronicadesoledad.com\/index.php\/wp-json\/wp\/v2\/posts\/22034\/revisions"}],"predecessor-version":[{"id":22036,"href":"https:\/\/cronicadesoledad.com\/index.php\/wp-json\/wp\/v2\/posts\/22034\/revisions\/22036"}],"wp:featuredmedia":[{"embeddable":true,"href":"https:\/\/cronicadesoledad.com\/index.php\/wp-json\/wp\/v2\/media\/22035"}],"wp:attachment":[{"href":"https:\/\/cronicadesoledad.com\/index.php\/wp-json\/wp\/v2\/media?parent=22034"}],"wp:term":[{"taxonomy":"category","embeddable":true,"href":"https:\/\/cronicadesoledad.com\/index.php\/wp-json\/wp\/v2\/categories?post=22034"},{"taxonomy":"post_tag","embeddable":true,"href":"https:\/\/cronicadesoledad.com\/index.php\/wp-json\/wp\/v2\/tags?post=22034"}],"curies":[{"name":"wp","href":"https:\/\/api.w.org\/{rel}","templated":true}]}}