{"id":22046,"date":"2025-08-18T02:13:59","date_gmt":"2025-08-18T08:13:59","guid":{"rendered":"https:\/\/cronicadesoledad.com\/?p=22046"},"modified":"2025-08-18T02:13:59","modified_gmt":"2025-08-18T08:13:59","slug":"mas-de-13-millones-de-mexicanos-salieron-de-la-pobreza","status":"publish","type":"post","link":"https:\/\/cronicadesoledad.com\/index.php\/2025\/08\/18\/mas-de-13-millones-de-mexicanos-salieron-de-la-pobreza\/","title":{"rendered":"M\u00e1s de 13 millones de mexicanos salieron de la pobreza"},"content":{"rendered":"\n<p>El Instituto Nacional de Estad\u00edstica y Geograf\u00eda (INEGI) inform\u00f3 que, durante el sexenio de Andr\u00e9s Manuel L\u00f3pez Obrador (2018-2024), 13.4 millones de mexicanos salieron de la pobreza, reduciendo la cifra de 51.9 millones en 2018 a 38.5 millones en 2024. La medici\u00f3n, asumida por INEGI tras la desaparici\u00f3n del Coneval, refleja mejoras en ingresos y acceso a servicios, destacando programas como Sembrando Vida, J\u00f3venes Construyendo el Futuro y pensiones para adultos mayores, junto con el aumento del salario m\u00ednimo. La recuperaci\u00f3n econ\u00f3mica postpandemia y las transferencias directas tambi\u00e9n contribuyeron.<\/p>\n\n\n\n<p>La pobreza extrema disminuy\u00f3 de 8.7 millones a 6.7 millones, con 2 millones menos, impulsada por el incremento de ingresos laborales. Entre 2022 y 2024, 8.3 millones salieron de la pobreza, gracias a la estabilidad macroecon\u00f3mica y el control de la inflaci\u00f3n, reduciendo la pobreza por ingresos del 49.9% al 36.3%. Sin embargo, Chiapas y Guerrero persisten con altos \u00edndices, evidenciando desigualdades regionales.<\/p>\n\n\n\n<p>La Encuesta Nacional de Ingresos y Gastos de los Hogares (ENIGH) mide la pobreza multidimensional, incluyendo alimentaci\u00f3n, vivienda y seguridad social. Pese al avance, persisten retos en salud y educaci\u00f3n, y la informalidad laboral sigue siendo un obst\u00e1culo. La oposici\u00f3n critica la metodolog\u00eda por subestimar la inflaci\u00f3n y la desigualdad regional, mientras Morena celebra el logro como un reflejo del modelo \u201cprimero los pobres\u201d.<\/p>\n\n\n\n<p>Claudia Sheinbaum heredar\u00e1 estos resultados, que posicionan a M\u00e9xico como referente en la lucha contra la pobreza, seg\u00fan los Objetivos de Desarrollo Sostenible de la ONU. Sin embargo, las brechas de g\u00e9nero y \u00e9tnicas afectan desproporcionadamente a mujeres e ind\u00edgenas. El INEGI publicar\u00e1 desgloses por estado en las pr\u00f3ximas semanas, clave para evaluar la sostenibilidad de esta tendencia.<\/p>\n","protected":false},"excerpt":{"rendered":"<p>El Instituto Nacional de Estad\u00edstica y Geograf\u00eda (INEGI) inform\u00f3 que, durante el sexenio de Andr\u00e9s Manuel L\u00f3pez Obrador (2018-2024), 13.4 millones de mexicanos salieron de la pobreza, reduciendo la cifra de 51.9 millones en 2018 a 38.5 millones en 2024. La medici\u00f3n, asumida por INEGI tras la desaparici\u00f3n del Coneval, refleja mejoras en ingresos y [&hellip;]<\/p>\n","protected":false},"author":2,"featured_media":22047,"comment_status":"open","ping_status":"open","sticky":false,"template":"","format":"standard","meta":{"footnotes":""},"categories":[1,24],"tags":[1690,287,294,261,27],"class_list":{"0":"post-22046","1":"post","2":"type-post","3":"status-publish","4":"format-standard","5":"has-post-thumbnail","7":"category-destacadas","8":"category-informacion-general","9":"tag-inegi","10":"tag-nacional","11":"tag-san-luis","12":"tag-slp","13":"tag-soledad"},"_links":{"self":[{"href":"https:\/\/cronicadesoledad.com\/index.php\/wp-json\/wp\/v2\/posts\/22046","targetHints":{"allow":["GET"]}}],"collection":[{"href":"https:\/\/cronicadesoledad.com\/index.php\/wp-json\/wp\/v2\/posts"}],"about":[{"href":"https:\/\/cronicadesoledad.com\/index.php\/wp-json\/wp\/v2\/types\/post"}],"author":[{"embeddable":true,"href":"https:\/\/cronicadesoledad.com\/index.php\/wp-json\/wp\/v2\/users\/2"}],"replies":[{"embeddable":true,"href":"https:\/\/cronicadesoledad.com\/index.php\/wp-json\/wp\/v2\/comments?post=22046"}],"version-history":[{"count":1,"href":"https:\/\/cronicadesoledad.com\/index.php\/wp-json\/wp\/v2\/posts\/22046\/revisions"}],"predecessor-version":[{"id":22048,"href":"https:\/\/cronicadesoledad.com\/index.php\/wp-json\/wp\/v2\/posts\/22046\/revisions\/22048"}],"wp:featuredmedia":[{"embeddable":true,"href":"https:\/\/cronicadesoledad.com\/index.php\/wp-json\/wp\/v2\/media\/22047"}],"wp:attachment":[{"href":"https:\/\/cronicadesoledad.com\/index.php\/wp-json\/wp\/v2\/media?parent=22046"}],"wp:term":[{"taxonomy":"category","embeddable":true,"href":"https:\/\/cronicadesoledad.com\/index.php\/wp-json\/wp\/v2\/categories?post=22046"},{"taxonomy":"post_tag","embeddable":true,"href":"https:\/\/cronicadesoledad.com\/index.php\/wp-json\/wp\/v2\/tags?post=22046"}],"curies":[{"name":"wp","href":"https:\/\/api.w.org\/{rel}","templated":true}]}}