{"id":22060,"date":"2025-08-18T12:19:32","date_gmt":"2025-08-18T18:19:32","guid":{"rendered":"https:\/\/cronicadesoledad.com\/?p=22060"},"modified":"2025-08-18T19:56:48","modified_gmt":"2025-08-19T01:56:48","slug":"el-arte-urbano-toma-la-plaza-principal-de-soledad-de-graciano-sanchez-en-el-dia-mundial-de-la-juventud","status":"publish","type":"post","link":"https:\/\/cronicadesoledad.com\/index.php\/2025\/08\/18\/el-arte-urbano-toma-la-plaza-principal-de-soledad-de-graciano-sanchez-en-el-dia-mundial-de-la-juventud\/","title":{"rendered":"El arte urbano toma la plaza principal de Soledad de Graciano S\u00e1nchez en el D\u00eda Mundial de la Juventud"},"content":{"rendered":"\n<p>En el marco de la conmemoraci\u00f3n del D\u00eda Mundial de la Juventud, el municipio de Soledad de Graciano S\u00e1nchez fue escenario de una vibrante jornada de arte urbano, que reuni\u00f3 a m\u00e1s de 16 raperos locales y de distintas partes del pa\u00eds en la plaza principal de la ciudad.<\/p>\n\n\n\n<p>El evento, celebrado esta semana, cont\u00f3 con la participaci\u00f3n de reconocidos exponentes del freestyle potosino, as\u00ed como de los influencers y creadores de contenido &#8220;V\u00e1zquez LDB&#8221; y Nan2 Rodr\u00edguez, quienes sumaron su presencia al espect\u00e1culo musical que atrajo a decenas de familias desde las primeras horas de la tarde.<\/p>\n\n\n\n<p>A trav\u00e9s de sus composiciones e improvisaciones, los j\u00f3venes artistas ofrecieron un mensaje de paz, uni\u00f3n y expresi\u00f3n cultural, en una actividad que tuvo como prop\u00f3sito visibilizar el arte urbano como una herramienta para fortalecer el tejido social y promover la convivencia desde una perspectiva juvenil.<\/p>\n\n\n\n<p>Las autoridades municipales destacaron la importancia de fomentar espacios de participaci\u00f3n activa para las y los j\u00f3venes, reconociendo el valor del arte como medio de inclusi\u00f3n, identidad y desarrollo comunitario.<\/p>\n","protected":false},"excerpt":{"rendered":"<p>En el marco de la conmemoraci\u00f3n del D\u00eda Mundial de la Juventud, el municipio de Soledad de Graciano S\u00e1nchez fue escenario de una vibrante jornada de arte urbano, que reuni\u00f3 a m\u00e1s de 16 raperos locales y de distintas partes del pa\u00eds en la plaza principal de la ciudad. El evento, celebrado esta semana, cont\u00f3 [&hellip;]<\/p>\n","protected":false},"author":1,"featured_media":22061,"comment_status":"open","ping_status":"open","sticky":false,"template":"","format":"standard","meta":{"footnotes":""},"categories":[1,24,21],"tags":[275,223,325,294,261],"class_list":{"0":"post-22060","1":"post","2":"type-post","3":"status-publish","4":"format-standard","5":"has-post-thumbnail","7":"category-destacadas","8":"category-informacion-general","9":"category-tu-soledad","10":"tag-arte","11":"tag-ayuntamiento-soledense","12":"tag-juventud","13":"tag-san-luis","14":"tag-slp"},"_links":{"self":[{"href":"https:\/\/cronicadesoledad.com\/index.php\/wp-json\/wp\/v2\/posts\/22060","targetHints":{"allow":["GET"]}}],"collection":[{"href":"https:\/\/cronicadesoledad.com\/index.php\/wp-json\/wp\/v2\/posts"}],"about":[{"href":"https:\/\/cronicadesoledad.com\/index.php\/wp-json\/wp\/v2\/types\/post"}],"author":[{"embeddable":true,"href":"https:\/\/cronicadesoledad.com\/index.php\/wp-json\/wp\/v2\/users\/1"}],"replies":[{"embeddable":true,"href":"https:\/\/cronicadesoledad.com\/index.php\/wp-json\/wp\/v2\/comments?post=22060"}],"version-history":[{"count":1,"href":"https:\/\/cronicadesoledad.com\/index.php\/wp-json\/wp\/v2\/posts\/22060\/revisions"}],"predecessor-version":[{"id":22062,"href":"https:\/\/cronicadesoledad.com\/index.php\/wp-json\/wp\/v2\/posts\/22060\/revisions\/22062"}],"wp:featuredmedia":[{"embeddable":true,"href":"https:\/\/cronicadesoledad.com\/index.php\/wp-json\/wp\/v2\/media\/22061"}],"wp:attachment":[{"href":"https:\/\/cronicadesoledad.com\/index.php\/wp-json\/wp\/v2\/media?parent=22060"}],"wp:term":[{"taxonomy":"category","embeddable":true,"href":"https:\/\/cronicadesoledad.com\/index.php\/wp-json\/wp\/v2\/categories?post=22060"},{"taxonomy":"post_tag","embeddable":true,"href":"https:\/\/cronicadesoledad.com\/index.php\/wp-json\/wp\/v2\/tags?post=22060"}],"curies":[{"name":"wp","href":"https:\/\/api.w.org\/{rel}","templated":true}]}}